{"id":9741,"date":"2024-04-09T11:21:42","date_gmt":"2024-04-09T14:21:42","guid":{"rendered":"http:\/\/www.obispadorqta.org.ar\/v3\/?p=9741"},"modified":"2024-04-09T11:21:49","modified_gmt":"2024-04-09T14:21:49","slug":"encuentro-diocesano-de-misioneros","status":"publish","type":"post","link":"https:\/\/www.obispadorqta.org.ar\/v3\/encuentro-diocesano-de-misioneros\/","title":{"rendered":"Encuentro Diocesano de Misioneros"},"content":{"rendered":"<p style=\"text-align: justify;\">La Pastoral Diocesana de Misiones hace extensiva la invitaci\u00f3n a todo el Pueblo de Dios, a participar de un encuentro diocesano de Misiones, que se realizar\u00e1 el domingo 14 de abril, en la Capilla \u00abNuestra Se\u00f1ora de la Paz\u00bb (Pre Seminario), ubicada en calle 44 y 49 de la ciudad de Reconquista.<\/p>\n<p style=\"text-align: justify;\">Este encuentro dar\u00e1 comienzo a las 08:30 hs, y el objetivo es retomar las actividades misioneras en la di\u00f3cesis, haciendo \u00e9nfasis en lo vivido y compartido en el 6to. Congreso Misionero Nacional del a\u00f1o pasado, luego habr\u00e1 celebraci\u00f3n de la Santa Misa\u00a0 y concluir\u00e1 con un compartir a la canasta.<\/p>\n<p style=\"text-align: justify;\">Encomendamos nuestras oraciones por los frutos de este encuentro.<\/p>\n<p><img loading=\"lazy\" decoding=\"async\" class=\"aligncenter size-full wp-image-9742\" src=\"https:\/\/www.obispadorqta.org.ar\/v3\/wp-content\/uploads\/2024\/04\/IMG-20240408-WA0000.jpg\" alt=\"\" width=\"913\" height=\"1280\" srcset=\"https:\/\/www.obispadorqta.org.ar\/v3\/wp-content\/uploads\/2024\/04\/IMG-20240408-WA0000.jpg 913w, https:\/\/www.obispadorqta.org.ar\/v3\/wp-content\/uploads\/2024\/04\/IMG-20240408-WA0000-214x300.jpg 214w, https:\/\/www.obispadorqta.org.ar\/v3\/wp-content\/uploads\/2024\/04\/IMG-20240408-WA0000-730x1024.jpg 730w, https:\/\/www.obispadorqta.org.ar\/v3\/wp-content\/uploads\/2024\/04\/IMG-20240408-WA0000-768x1077.jpg 768w\" sizes=\"auto, (max-width: 913px) 100vw, 913px\" \/><\/p>\n\n\n<p><\/p>\n","protected":false},"excerpt":{"rendered":"<div class=\"mh-excerpt\"><p>La Pastoral Diocesana de Misiones hace extensiva la invitaci\u00f3n a todo el Pueblo de Dios, a participar de un encuentro diocesano de Misiones, que se <a class=\"mh-excerpt-more\" href=\"https:\/\/www.obispadorqta.org.ar\/v3\/encuentro-diocesano-de-misioneros\/\" title=\"Encuentro Diocesano de Misioneros\">[&#8230;]<\/a><\/p>\n<\/div>","protected":false},"author":2,"featured_media":9744,"comment_status":"closed","ping_status":"open","sticky":false,"template":"","format":"standard","meta":{"footnotes":""},"categories":[6,28],"tags":[],"class_list":["post-9741","post","type-post","status-publish","format-standard","has-post-thumbnail","hentry","category-news","category-latest-news"],"_links":{"self":[{"href":"https:\/\/www.obispadorqta.org.ar\/v3\/wp-json\/wp\/v2\/posts\/9741","targetHints":{"allow":["GET"]}}],"collection":[{"href":"https:\/\/www.obispadorqta.org.ar\/v3\/wp-json\/wp\/v2\/posts"}],"about":[{"href":"https:\/\/www.obispadorqta.org.ar\/v3\/wp-json\/wp\/v2\/types\/post"}],"author":[{"embeddable":true,"href":"https:\/\/www.obispadorqta.org.ar\/v3\/wp-json\/wp\/v2\/users\/2"}],"replies":[{"embeddable":true,"href":"https:\/\/www.obispadorqta.org.ar\/v3\/wp-json\/wp\/v2\/comments?post=9741"}],"version-history":[{"count":2,"href":"https:\/\/www.obispadorqta.org.ar\/v3\/wp-json\/wp\/v2\/posts\/9741\/revisions"}],"predecessor-version":[{"id":9745,"href":"https:\/\/www.obispadorqta.org.ar\/v3\/wp-json\/wp\/v2\/posts\/9741\/revisions\/9745"}],"wp:featuredmedia":[{"embeddable":true,"href":"https:\/\/www.obispadorqta.org.ar\/v3\/wp-json\/wp\/v2\/media\/9744"}],"wp:attachment":[{"href":"https:\/\/www.obispadorqta.org.ar\/v3\/wp-json\/wp\/v2\/media?parent=9741"}],"wp:term":[{"taxonomy":"category","embeddable":true,"href":"https:\/\/www.obispadorqta.org.ar\/v3\/wp-json\/wp\/v2\/categories?post=9741"},{"taxonomy":"post_tag","embeddable":true,"href":"https:\/\/www.obispadorqta.org.ar\/v3\/wp-json\/wp\/v2\/tags?post=9741"}],"curies":[{"name":"wp","href":"https:\/\/api.w.org\/{rel}","templated":true}]}}