{"id":9747,"date":"2024-04-15T08:27:19","date_gmt":"2024-04-15T11:27:19","guid":{"rendered":"http:\/\/www.obispadorqta.org.ar\/v3\/?p=9747"},"modified":"2024-04-15T08:27:41","modified_gmt":"2024-04-15T11:27:41","slug":"124-asamblea-plenaria","status":"publish","type":"post","link":"https:\/\/www.obispadorqta.org.ar\/v3\/124-asamblea-plenaria\/","title":{"rendered":"124\u00b0 Asamblea Plenaria"},"content":{"rendered":"<p style=\"text-align: justify;\"><span style=\"color: #000000;\">Desde el d\u00eda de hoy, lunes 15, al viernes 19 de abril se llevar\u00e1 a cabo la 124\u00b0 Asamblea Plenaria de la Conferencia Episcopal Argentina, en la Casa de Retiros \u201cEl Cen\u00e1culo\u201d de la localidad de Pilar.<\/span><\/p>\n<p style=\"text-align: justify;\"><span style=\"color: #000000;\">Son convocados 97 obispos de todo el pa\u00eds, invitados 45 obispos em\u00e9ritos y como es habitual, el sr. Nuncio Apost\u00f3lico, monse\u00f1or Miroslaw Adamczyk.<\/span><\/p>\n<p style=\"text-align: justify;\"><span style=\"color: #000000;\">La Asamblea comenzar\u00e1 por la tarde de hoy, con el habitual intercambio pastoral. A las 19.30 hs. monse\u00f1or Oscar Ojea , obispo de San Isidro y presidente de la Conferencia Episcopal Argentina, presidir\u00e1 la Misa de inicio de la 124\u00b0 Asamblea Plenaria.<\/span><\/p>\n<p style=\"text-align: justify;\"><span style=\"color: #000000;\">El d\u00eda martes los obispos abordar\u00e1n una reflexi\u00f3n en profundidad sobre la realidad del Narcotr\u00e1fico. Y, tambi\u00e9n un bloque de trabajo estar\u00e1 dedicado a los nuevos lenguajes culturales y las din\u00e1micas de comunicaci\u00f3n propias del tiempo actual.<\/span><\/p>\n<p style=\"text-align: justify;\"><span style=\"color: #000000;\">Siguiendo con el camino sinodal propuesto por Francisco, el d\u00eda mi\u00e9rcoles los obispos dedicar\u00e1n la jornada a profundizar los v\u00ednculos entre sinodalidad y colegialidad.<\/span><\/p>\n<p style=\"text-align: justify;\"><span style=\"color: #000000;\">El d\u00eda jueves ser\u00e1 la presentaci\u00f3n y votaci\u00f3n del Balance de la Conferencia Episcopal Argentina y por la tarde con la presencia de los secretarios ejecutivos habr\u00e1 reuniones de las comisiones episcopales.<\/span><\/p>\n<p style=\"text-align: justify;\"><span style=\"color: #000000;\">El \u00faltimo d\u00eda, viernes 19 de abril, trabajar\u00e1n cuestiones referidas a las Comisi\u00f3n Episcopal de Misiones. Al mediod\u00eda finalizar\u00e1 la 124\u00b0 Asamblea Planaria.<\/span><\/p>\n<p style=\"text-align: justify;\"><span style=\"color: #000000;\">Se invita al Pueblo de Dios a rezar por los Pastores que en fraternidad viven esta reuni\u00f3n y renueven la comuni\u00f3n para el servicio del santo pueblo fiel de Dios que peregrina en la Argentina.<\/span><\/p>\n","protected":false},"excerpt":{"rendered":"<div class=\"mh-excerpt\"><p>Desde el d\u00eda de hoy, lunes 15, al viernes 19 de abril se llevar\u00e1 a cabo la 124\u00b0 Asamblea Plenaria de la Conferencia Episcopal Argentina, <a class=\"mh-excerpt-more\" href=\"https:\/\/www.obispadorqta.org.ar\/v3\/124-asamblea-plenaria\/\" title=\"124\u00b0 Asamblea Plenaria\">[&#8230;]<\/a><\/p>\n<\/div>","protected":false},"author":3,"featured_media":4506,"comment_status":"closed","ping_status":"open","sticky":false,"template":"","format":"standard","meta":{"footnotes":""},"categories":[6,28],"tags":[],"class_list":["post-9747","post","type-post","status-publish","format-standard","has-post-thumbnail","hentry","category-news","category-latest-news"],"_links":{"self":[{"href":"https:\/\/www.obispadorqta.org.ar\/v3\/wp-json\/wp\/v2\/posts\/9747","targetHints":{"allow":["GET"]}}],"collection":[{"href":"https:\/\/www.obispadorqta.org.ar\/v3\/wp-json\/wp\/v2\/posts"}],"about":[{"href":"https:\/\/www.obispadorqta.org.ar\/v3\/wp-json\/wp\/v2\/types\/post"}],"author":[{"embeddable":true,"href":"https:\/\/www.obispadorqta.org.ar\/v3\/wp-json\/wp\/v2\/users\/3"}],"replies":[{"embeddable":true,"href":"https:\/\/www.obispadorqta.org.ar\/v3\/wp-json\/wp\/v2\/comments?post=9747"}],"version-history":[{"count":1,"href":"https:\/\/www.obispadorqta.org.ar\/v3\/wp-json\/wp\/v2\/posts\/9747\/revisions"}],"predecessor-version":[{"id":9748,"href":"https:\/\/www.obispadorqta.org.ar\/v3\/wp-json\/wp\/v2\/posts\/9747\/revisions\/9748"}],"wp:featuredmedia":[{"embeddable":true,"href":"https:\/\/www.obispadorqta.org.ar\/v3\/wp-json\/wp\/v2\/media\/4506"}],"wp:attachment":[{"href":"https:\/\/www.obispadorqta.org.ar\/v3\/wp-json\/wp\/v2\/media?parent=9747"}],"wp:term":[{"taxonomy":"category","embeddable":true,"href":"https:\/\/www.obispadorqta.org.ar\/v3\/wp-json\/wp\/v2\/categories?post=9747"},{"taxonomy":"post_tag","embeddable":true,"href":"https:\/\/www.obispadorqta.org.ar\/v3\/wp-json\/wp\/v2\/tags?post=9747"}],"curies":[{"name":"wp","href":"https:\/\/api.w.org\/{rel}","templated":true}]}}