{"id":9749,"date":"2024-04-16T11:59:15","date_gmt":"2024-04-16T14:59:15","guid":{"rendered":"http:\/\/www.obispadorqta.org.ar\/v3\/?p=9749"},"modified":"2024-04-16T11:59:21","modified_gmt":"2024-04-16T14:59:21","slug":"ministerio-del-acolitado-7","status":"publish","type":"post","link":"https:\/\/www.obispadorqta.org.ar\/v3\/ministerio-del-acolitado-7\/","title":{"rendered":"Ministerio del Acolitado"},"content":{"rendered":"<p style=\"text-align: justify;\">Desde el Obispado e Reconquista invitamos a todo el pueblo de Dios a participar de la celebraci\u00f3n de la Santa Misa donde el Lector Carlos Ra\u00fal Cabas recibir\u00e1 el ministerio del Acolitado, en su camino al Diaconado Permanente.<\/p>\n<p style=\"text-align: justify;\">La misma ser\u00e1 presidia por el obispo diocesano, Mons. Dr. \u00c1ngel Jos\u00e9 Mac\u00edn, qui\u00e9n instituir\u00e1 como Acolito al candidato al Diaconado Permanente, Lector Carlos Ra\u00fal Cabas. Esta celebraci\u00f3n tendr\u00e1 lugar en la capilla \u00abVirgen de Itat\u00ed\u00bb del Barrio Sarmiento, a las 20 hs. del pr\u00f3ximo domingo 21 de abril.<\/p>\n<p style=\"text-align: justify;\">Recordamos que el Acolito ayuda al di\u00e1cono y al sacerdote en el altar. De modo extraordinario, distribuye la comuni\u00f3n y expone el Sant\u00edsimo para la oraci\u00f3n, adem\u00e1s de instruir a todos los fieles sobre la Eucarist\u00eda.<\/p>\n<p style=\"text-align: justify;\">Agradecemos al Se\u00f1or por este nuevo ministerio de Carlos y encomendamos nuestras oraciones a todos aquellos que d\u00eda a d\u00eda prestan su servicio para el bien de nuestros hermanos y hermanas.<\/p>\n","protected":false},"excerpt":{"rendered":"<div class=\"mh-excerpt\"><p>Desde el Obispado e Reconquista invitamos a todo el pueblo de Dios a participar de la celebraci\u00f3n de la Santa Misa donde el Lector Carlos <a class=\"mh-excerpt-more\" href=\"https:\/\/www.obispadorqta.org.ar\/v3\/ministerio-del-acolitado-7\/\" title=\"Ministerio del Acolitado\">[&#8230;]<\/a><\/p>\n<\/div>","protected":false},"author":2,"featured_media":9753,"comment_status":"closed","ping_status":"open","sticky":false,"template":"","format":"standard","meta":{"footnotes":""},"categories":[6,28],"tags":[],"class_list":["post-9749","post","type-post","status-publish","format-standard","has-post-thumbnail","hentry","category-news","category-latest-news"],"_links":{"self":[{"href":"https:\/\/www.obispadorqta.org.ar\/v3\/wp-json\/wp\/v2\/posts\/9749","targetHints":{"allow":["GET"]}}],"collection":[{"href":"https:\/\/www.obispadorqta.org.ar\/v3\/wp-json\/wp\/v2\/posts"}],"about":[{"href":"https:\/\/www.obispadorqta.org.ar\/v3\/wp-json\/wp\/v2\/types\/post"}],"author":[{"embeddable":true,"href":"https:\/\/www.obispadorqta.org.ar\/v3\/wp-json\/wp\/v2\/users\/2"}],"replies":[{"embeddable":true,"href":"https:\/\/www.obispadorqta.org.ar\/v3\/wp-json\/wp\/v2\/comments?post=9749"}],"version-history":[{"count":2,"href":"https:\/\/www.obispadorqta.org.ar\/v3\/wp-json\/wp\/v2\/posts\/9749\/revisions"}],"predecessor-version":[{"id":9754,"href":"https:\/\/www.obispadorqta.org.ar\/v3\/wp-json\/wp\/v2\/posts\/9749\/revisions\/9754"}],"wp:featuredmedia":[{"embeddable":true,"href":"https:\/\/www.obispadorqta.org.ar\/v3\/wp-json\/wp\/v2\/media\/9753"}],"wp:attachment":[{"href":"https:\/\/www.obispadorqta.org.ar\/v3\/wp-json\/wp\/v2\/media?parent=9749"}],"wp:term":[{"taxonomy":"category","embeddable":true,"href":"https:\/\/www.obispadorqta.org.ar\/v3\/wp-json\/wp\/v2\/categories?post=9749"},{"taxonomy":"post_tag","embeddable":true,"href":"https:\/\/www.obispadorqta.org.ar\/v3\/wp-json\/wp\/v2\/tags?post=9749"}],"curies":[{"name":"wp","href":"https:\/\/api.w.org\/{rel}","templated":true}]}}