{"id":9755,"date":"2024-04-17T08:46:06","date_gmt":"2024-04-17T11:46:06","guid":{"rendered":"http:\/\/www.obispadorqta.org.ar\/v3\/?p=9755"},"modified":"2024-04-17T08:46:13","modified_gmt":"2024-04-17T11:46:13","slug":"encuentro-de-jovenes-2","status":"publish","type":"post","link":"https:\/\/www.obispadorqta.org.ar\/v3\/encuentro-de-jovenes-2\/","title":{"rendered":"Encuentro de j\u00f3venes"},"content":{"rendered":"<p style=\"text-align: justify;\">La pastoral vocacional de la Di\u00f3cesis de Reconquista, invita a todos los interesados a participar de un encuentro juvenil para la Jornada del Buen Pastor, el s\u00e1bado 20\/04 de 09:00 a 19:00 hs. destinado a j\u00f3venes varones y mujeres de entre 13 y 20 a\u00f1os de edad.<\/p>\n<p style=\"text-align: justify;\">Dicho encuentro se llevar\u00e1 a cabo en el Centro Vocacional de Reconquista \u00abSAN PEDRO Y SAN PABLO\u00bb (Pre Seminario) ubicado en la Capilla \u00abNuestra Se\u00f1ora de la Paz\u00bb, calle 44 y 49 Barrio Lanceros del Sauce, es gratuito y con almuerzo a la canasta.<\/p>\n<p style=\"text-align: justify;\">As\u00ed mismo, la Pastoral Vocacional NEA nos comparte un material preparado para este encuentro, una gu\u00eda que tambi\u00e9n servir\u00e1 para trabajar durante este a\u00f1o dedicado a la oraci\u00f3n, poniendo como eje principal estas tres premisas: ORACI\u00d3N &#8211; SUE\u00d1OS &#8211; ESPERANZA.<\/p>\n<p style=\"text-align: justify;\">Para descargar el material, haga <a href=\"https:\/\/www.obispadorqta.org.ar\/v3\/wp-content\/uploads\/2024\/04\/MATERIAL-JESUS-BUEN-PASTOR-NEA-2024_compressed.pdf\">CLICK AQU\u00cd<\/a><\/p>\n<p><img loading=\"lazy\" decoding=\"async\" class=\"aligncenter size-full wp-image-9758\" src=\"https:\/\/www.obispadorqta.org.ar\/v3\/wp-content\/uploads\/2024\/04\/IMG-20240416-WA0002.jpg\" alt=\"\" width=\"1080\" height=\"1350\" srcset=\"https:\/\/www.obispadorqta.org.ar\/v3\/wp-content\/uploads\/2024\/04\/IMG-20240416-WA0002.jpg 1080w, https:\/\/www.obispadorqta.org.ar\/v3\/wp-content\/uploads\/2024\/04\/IMG-20240416-WA0002-240x300.jpg 240w, https:\/\/www.obispadorqta.org.ar\/v3\/wp-content\/uploads\/2024\/04\/IMG-20240416-WA0002-819x1024.jpg 819w, https:\/\/www.obispadorqta.org.ar\/v3\/wp-content\/uploads\/2024\/04\/IMG-20240416-WA0002-768x960.jpg 768w\" sizes=\"auto, (max-width: 1080px) 100vw, 1080px\" \/><\/p>\n","protected":false},"excerpt":{"rendered":"<div class=\"mh-excerpt\"><p>La pastoral vocacional de la Di\u00f3cesis de Reconquista, invita a todos los interesados a participar de un encuentro juvenil para la Jornada del Buen Pastor, <a class=\"mh-excerpt-more\" href=\"https:\/\/www.obispadorqta.org.ar\/v3\/encuentro-de-jovenes-2\/\" title=\"Encuentro de j\u00f3venes\">[&#8230;]<\/a><\/p>\n<\/div>","protected":false},"author":2,"featured_media":9756,"comment_status":"closed","ping_status":"open","sticky":false,"template":"","format":"standard","meta":{"footnotes":""},"categories":[6,28],"tags":[],"class_list":["post-9755","post","type-post","status-publish","format-standard","has-post-thumbnail","hentry","category-news","category-latest-news"],"_links":{"self":[{"href":"https:\/\/www.obispadorqta.org.ar\/v3\/wp-json\/wp\/v2\/posts\/9755","targetHints":{"allow":["GET"]}}],"collection":[{"href":"https:\/\/www.obispadorqta.org.ar\/v3\/wp-json\/wp\/v2\/posts"}],"about":[{"href":"https:\/\/www.obispadorqta.org.ar\/v3\/wp-json\/wp\/v2\/types\/post"}],"author":[{"embeddable":true,"href":"https:\/\/www.obispadorqta.org.ar\/v3\/wp-json\/wp\/v2\/users\/2"}],"replies":[{"embeddable":true,"href":"https:\/\/www.obispadorqta.org.ar\/v3\/wp-json\/wp\/v2\/comments?post=9755"}],"version-history":[{"count":3,"href":"https:\/\/www.obispadorqta.org.ar\/v3\/wp-json\/wp\/v2\/posts\/9755\/revisions"}],"predecessor-version":[{"id":9761,"href":"https:\/\/www.obispadorqta.org.ar\/v3\/wp-json\/wp\/v2\/posts\/9755\/revisions\/9761"}],"wp:featuredmedia":[{"embeddable":true,"href":"https:\/\/www.obispadorqta.org.ar\/v3\/wp-json\/wp\/v2\/media\/9756"}],"wp:attachment":[{"href":"https:\/\/www.obispadorqta.org.ar\/v3\/wp-json\/wp\/v2\/media?parent=9755"}],"wp:term":[{"taxonomy":"category","embeddable":true,"href":"https:\/\/www.obispadorqta.org.ar\/v3\/wp-json\/wp\/v2\/categories?post=9755"},{"taxonomy":"post_tag","embeddable":true,"href":"https:\/\/www.obispadorqta.org.ar\/v3\/wp-json\/wp\/v2\/tags?post=9755"}],"curies":[{"name":"wp","href":"https:\/\/api.w.org\/{rel}","templated":true}]}}