{"id":9763,"date":"2024-04-17T12:01:40","date_gmt":"2024-04-17T15:01:40","guid":{"rendered":"http:\/\/www.obispadorqta.org.ar\/v3\/?p=9763"},"modified":"2024-04-17T12:02:32","modified_gmt":"2024-04-17T15:02:32","slug":"19-al-26-de-abril-semana-de-los-pueblos-originarios","status":"publish","type":"post","link":"https:\/\/www.obispadorqta.org.ar\/v3\/19-al-26-de-abril-semana-de-los-pueblos-originarios\/","title":{"rendered":"19 AL 26 DE ABRIL SEMANA DE LOS PUEBLOS ORIGINARIOS"},"content":{"rendered":"<p style=\"text-align: justify;\">La Pastoral Aborigen Diocesana invita a todos a participar activamente de la semana de los pueblos originarios, en la cu\u00e1l proponen distintas actividades que nos interpela a todos los cristianos al cuidado de la Casa Com\u00fan desde la cosmovisi\u00f3n de qui\u00e9nes han sostenido milenariamente el equilibrio natural, este a\u00f1o en particular, centrados en cuidado de la <em>\u00abhermana agua, vida y libertad<\/em>\u00ab.<\/p>\n<p style=\"text-align: justify;\">Asimismo, en el marco de esta semana, la Comunidad Mocoit \u00abKami Iava\u00bb ubicada en la localidad de Margarita, en cada d\u00eda har\u00e1 una reflexi\u00f3n que tendr\u00e1 como finalidad la visibilizaci\u00f3n de su comunidad, la misma ser\u00e1 a trav\u00e9s de la radio y redes sociales. En las escuelas primaria, secundaria y de adultos, trabajaran actividades de concientizaci\u00f3n, con los ni\u00f1os y las familias de la comunidad.<\/p>\n<p style=\"text-align: justify;\">El 21 de abril, d\u00eda central para la Comunidad Kami Iava, por la ma\u00f1ana se compartir\u00e1 una charla abierta entre las familias y el obispo Diocesano, Mons. \u00c1ngel Jos\u00e9 Mac\u00edn y algunas autoridades que estar\u00e1n presentes, hablar\u00e1n de su pasado, presente y futuro\u2026.<\/p>\n<p style=\"text-align: justify;\">Por la tarde se realizar\u00e1n distintas actividades de recreaci\u00f3n. (sorteo de bingo, torneo de v\u00f3ley y de penales.) Tendr\u00e1 una muestra fotogr\u00e1fica durante todo el d\u00eda.<\/p>\n<p><img loading=\"lazy\" decoding=\"async\" class=\"aligncenter size-full wp-image-9767\" src=\"https:\/\/www.obispadorqta.org.ar\/v3\/wp-content\/uploads\/2024\/04\/IMG-20240415-WA0005-2.jpg\" alt=\"\" width=\"904\" height=\"1280\" srcset=\"https:\/\/www.obispadorqta.org.ar\/v3\/wp-content\/uploads\/2024\/04\/IMG-20240415-WA0005-2.jpg 904w, https:\/\/www.obispadorqta.org.ar\/v3\/wp-content\/uploads\/2024\/04\/IMG-20240415-WA0005-2-212x300.jpg 212w, https:\/\/www.obispadorqta.org.ar\/v3\/wp-content\/uploads\/2024\/04\/IMG-20240415-WA0005-2-723x1024.jpg 723w, https:\/\/www.obispadorqta.org.ar\/v3\/wp-content\/uploads\/2024\/04\/IMG-20240415-WA0005-2-768x1087.jpg 768w\" sizes=\"auto, (max-width: 904px) 100vw, 904px\" \/><\/p>\n","protected":false},"excerpt":{"rendered":"<div class=\"mh-excerpt\"><p>La Pastoral Aborigen Diocesana invita a todos a participar activamente de la semana de los pueblos originarios, en la cu\u00e1l proponen distintas actividades que nos <a class=\"mh-excerpt-more\" href=\"https:\/\/www.obispadorqta.org.ar\/v3\/19-al-26-de-abril-semana-de-los-pueblos-originarios\/\" title=\"19 AL 26 DE ABRIL SEMANA DE LOS PUEBLOS ORIGINARIOS\">[&#8230;]<\/a><\/p>\n<\/div>","protected":false},"author":2,"featured_media":9766,"comment_status":"closed","ping_status":"open","sticky":false,"template":"","format":"standard","meta":{"footnotes":""},"categories":[6,28],"tags":[],"class_list":["post-9763","post","type-post","status-publish","format-standard","has-post-thumbnail","hentry","category-news","category-latest-news"],"_links":{"self":[{"href":"https:\/\/www.obispadorqta.org.ar\/v3\/wp-json\/wp\/v2\/posts\/9763","targetHints":{"allow":["GET"]}}],"collection":[{"href":"https:\/\/www.obispadorqta.org.ar\/v3\/wp-json\/wp\/v2\/posts"}],"about":[{"href":"https:\/\/www.obispadorqta.org.ar\/v3\/wp-json\/wp\/v2\/types\/post"}],"author":[{"embeddable":true,"href":"https:\/\/www.obispadorqta.org.ar\/v3\/wp-json\/wp\/v2\/users\/2"}],"replies":[{"embeddable":true,"href":"https:\/\/www.obispadorqta.org.ar\/v3\/wp-json\/wp\/v2\/comments?post=9763"}],"version-history":[{"count":2,"href":"https:\/\/www.obispadorqta.org.ar\/v3\/wp-json\/wp\/v2\/posts\/9763\/revisions"}],"predecessor-version":[{"id":9768,"href":"https:\/\/www.obispadorqta.org.ar\/v3\/wp-json\/wp\/v2\/posts\/9763\/revisions\/9768"}],"wp:featuredmedia":[{"embeddable":true,"href":"https:\/\/www.obispadorqta.org.ar\/v3\/wp-json\/wp\/v2\/media\/9766"}],"wp:attachment":[{"href":"https:\/\/www.obispadorqta.org.ar\/v3\/wp-json\/wp\/v2\/media?parent=9763"}],"wp:term":[{"taxonomy":"category","embeddable":true,"href":"https:\/\/www.obispadorqta.org.ar\/v3\/wp-json\/wp\/v2\/categories?post=9763"},{"taxonomy":"post_tag","embeddable":true,"href":"https:\/\/www.obispadorqta.org.ar\/v3\/wp-json\/wp\/v2\/tags?post=9763"}],"curies":[{"name":"wp","href":"https:\/\/api.w.org\/{rel}","templated":true}]}}