{"id":9769,"date":"2024-04-19T10:57:25","date_gmt":"2024-04-19T13:57:25","guid":{"rendered":"http:\/\/www.obispadorqta.org.ar\/v3\/?p=9769"},"modified":"2024-04-19T11:07:13","modified_gmt":"2024-04-19T14:07:13","slug":"hermanas-de-la-misericordia","status":"publish","type":"post","link":"https:\/\/www.obispadorqta.org.ar\/v3\/hermanas-de-la-misericordia\/","title":{"rendered":"Hermanas de la Misericordia"},"content":{"rendered":"<p style=\"text-align: justify;\">Con alegr\u00eda, comunicamos que el obispo diocesano, Mons. Dr. \u00c1ngel Jos\u00e9 Mac\u00edn recibe a las Hermanas Estela G\u00f3mez y Rosita Sidasmed, pertenecientes a las Hermanas de la Misericordia, qui\u00e9nes estar\u00e1n realizando una experiencia en nuestra Di\u00f3cesis de Reconquista.<\/p>\n<p style=\"text-align: justify;\">Las Hermanas se encuentran en un proceso de discernimiento, de escucha y di\u00e1logo, con el fin de continuar en el camino del compromiso y la misericordia que las convoca y env\u00eda.<\/p>\n<p style=\"text-align: justify;\">Las mismas, hace 32 a\u00f1os que viven en la ciudad de Clorinda, provincia de Formosa, donde acompa\u00f1an procesos de educaci\u00f3n popular a ni\u00f1os\/as, talleres para mujeres, atenci\u00f3n a v\u00edctimas de violencia de g\u00e9nero, salud alternativa y acompa\u00f1amiento a los pueblos originarios, poniendo en pr\u00e1ctica las opciones prioritarias de los \u00faltimos Cap\u00edtulos Generales de la Congragaci\u00f3n centradas en la atenci\u00f3n a mujeres, la no violencia, el cuidado de la tierra, a los migrantes y al antirracismo.<\/p>\n<p style=\"text-align: justify;\">Las Hermanas desde sus ministerios asumen el compromiso de poder seguir acompa\u00f1ando a las comunidades de diversas maneras, apostando a un modo de ser de la Vida Religiosa, intercongregacional, intercultural y por sobre todo, itinerante, como caminos nuevos de presencia y animaci\u00f3n.<\/p>\n<p style=\"text-align: justify;\">Agradecemos a las Hermanas Estela y Rosita por su trabajo y dedicaci\u00f3n al Se\u00f1or y al servicio de los m\u00e1s necesitados.<\/p>\n","protected":false},"excerpt":{"rendered":"<div class=\"mh-excerpt\"><p>Con alegr\u00eda, comunicamos que el obispo diocesano, Mons. Dr. \u00c1ngel Jos\u00e9 Mac\u00edn recibe a las Hermanas Estela G\u00f3mez y Rosita Sidasmed, pertenecientes a las Hermanas <a class=\"mh-excerpt-more\" href=\"https:\/\/www.obispadorqta.org.ar\/v3\/hermanas-de-la-misericordia\/\" title=\"Hermanas de la Misericordia\">[&#8230;]<\/a><\/p>\n<\/div>","protected":false},"author":2,"featured_media":9772,"comment_status":"closed","ping_status":"open","sticky":false,"template":"","format":"standard","meta":{"footnotes":""},"categories":[6,28],"tags":[],"class_list":["post-9769","post","type-post","status-publish","format-standard","has-post-thumbnail","hentry","category-news","category-latest-news"],"_links":{"self":[{"href":"https:\/\/www.obispadorqta.org.ar\/v3\/wp-json\/wp\/v2\/posts\/9769","targetHints":{"allow":["GET"]}}],"collection":[{"href":"https:\/\/www.obispadorqta.org.ar\/v3\/wp-json\/wp\/v2\/posts"}],"about":[{"href":"https:\/\/www.obispadorqta.org.ar\/v3\/wp-json\/wp\/v2\/types\/post"}],"author":[{"embeddable":true,"href":"https:\/\/www.obispadorqta.org.ar\/v3\/wp-json\/wp\/v2\/users\/2"}],"replies":[{"embeddable":true,"href":"https:\/\/www.obispadorqta.org.ar\/v3\/wp-json\/wp\/v2\/comments?post=9769"}],"version-history":[{"count":3,"href":"https:\/\/www.obispadorqta.org.ar\/v3\/wp-json\/wp\/v2\/posts\/9769\/revisions"}],"predecessor-version":[{"id":9774,"href":"https:\/\/www.obispadorqta.org.ar\/v3\/wp-json\/wp\/v2\/posts\/9769\/revisions\/9774"}],"wp:featuredmedia":[{"embeddable":true,"href":"https:\/\/www.obispadorqta.org.ar\/v3\/wp-json\/wp\/v2\/media\/9772"}],"wp:attachment":[{"href":"https:\/\/www.obispadorqta.org.ar\/v3\/wp-json\/wp\/v2\/media?parent=9769"}],"wp:term":[{"taxonomy":"category","embeddable":true,"href":"https:\/\/www.obispadorqta.org.ar\/v3\/wp-json\/wp\/v2\/categories?post=9769"},{"taxonomy":"post_tag","embeddable":true,"href":"https:\/\/www.obispadorqta.org.ar\/v3\/wp-json\/wp\/v2\/tags?post=9769"}],"curies":[{"name":"wp","href":"https:\/\/api.w.org\/{rel}","templated":true}]}}