{"id":9815,"date":"2024-04-23T09:12:09","date_gmt":"2024-04-23T12:12:09","guid":{"rendered":"http:\/\/www.obispadorqta.org.ar\/v3\/?p=9815"},"modified":"2024-04-25T09:28:53","modified_gmt":"2024-04-25T12:28:53","slug":"nueva-secretaria-junta-de-laicos","status":"publish","type":"post","link":"https:\/\/www.obispadorqta.org.ar\/v3\/nueva-secretaria-junta-de-laicos\/","title":{"rendered":"NUEVA SECRETAR\u00cdA JUNTA DE LAICOS"},"content":{"rendered":"<p style=\"text-align: justify;\"><span style=\"color: #000000;\">El s\u00e1bado 06 de abril de 2024, el obispo diocesano, Mons. \u00c1ngel Jos\u00e9 Mac\u00edn, dej\u00f3 constituida la Nueva Secretar\u00eda de la Junta de Laicos Diocesana, con la finalidad de alentar la participaci\u00f3n del laicado en tiempos sinodales.<\/span><\/p>\n<p><span style=\"color: #000000;\">La misma qued\u00f3 conformada de la siguiente manera:<\/span><\/p>\n<p><strong><span style=\"color: #000000;\">MARILIN MUCHIUT<\/span><\/strong><br \/>\n<strong><span style=\"color: #000000;\">NADIA BRESSAN<\/span><\/strong><br \/>\n<strong><span style=\"color: #000000;\">MARCOS PETE\u00c1N<\/span><\/strong><br \/>\n<strong><span style=\"color: #000000;\">MIRIAM YORIS<\/span><\/strong><br \/>\n<strong><span style=\"color: #000000;\">SILVIA MART\u00cdNEZ<\/span><\/strong><br \/>\n<strong><span style=\"color: #000000;\">BERNARDITA GIULIANI<\/span><\/strong><\/p>\n<p style=\"text-align: justify;\"><span style=\"color: #000000;\">Este equipo tendr\u00e1, por tres a\u00f1os y entre otras cosas, la tarea de animar el camino sinodal de nuestra Iglesia Particular, promover un espacio de escucha y di\u00e1logo entre los laicos, para que puedan dar sus aportes a la vida y a la misi\u00f3n de la Iglesia, recoger sugerencias para el caminar pastoral diocesano, y tambi\u00e9n cuidar de la Sede Diocesana, espacio laical por excelencia.<\/span><\/p>\n<p style=\"text-align: justify;\"><span style=\"color: #000000;\">En una di\u00f3cesis con una s\u00f3lida tradici\u00f3n de la participaci\u00f3n de los laicos, es anhelo del obispo diocesano que pueda revitalizarse esta \u00e1rea fundamental de la vida de la Iglesia.<\/span><\/p>\n<p><img loading=\"lazy\" decoding=\"async\" class=\"aligncenter size-full wp-image-9825\" src=\"https:\/\/www.obispadorqta.org.ar\/v3\/wp-content\/uploads\/2024\/04\/1714048065618.jpg\" alt=\"\" width=\"1600\" height=\"1200\" srcset=\"https:\/\/www.obispadorqta.org.ar\/v3\/wp-content\/uploads\/2024\/04\/1714048065618.jpg 1600w, https:\/\/www.obispadorqta.org.ar\/v3\/wp-content\/uploads\/2024\/04\/1714048065618-300x225.jpg 300w, https:\/\/www.obispadorqta.org.ar\/v3\/wp-content\/uploads\/2024\/04\/1714048065618-1024x768.jpg 1024w, https:\/\/www.obispadorqta.org.ar\/v3\/wp-content\/uploads\/2024\/04\/1714048065618-768x576.jpg 768w, https:\/\/www.obispadorqta.org.ar\/v3\/wp-content\/uploads\/2024\/04\/1714048065618-1536x1152.jpg 1536w, https:\/\/www.obispadorqta.org.ar\/v3\/wp-content\/uploads\/2024\/04\/1714048065618-678x509.jpg 678w, https:\/\/www.obispadorqta.org.ar\/v3\/wp-content\/uploads\/2024\/04\/1714048065618-326x245.jpg 326w, https:\/\/www.obispadorqta.org.ar\/v3\/wp-content\/uploads\/2024\/04\/1714048065618-80x60.jpg 80w\" sizes=\"auto, (max-width: 1600px) 100vw, 1600px\" \/><\/p>\n","protected":false},"excerpt":{"rendered":"<div class=\"mh-excerpt\"><p>El s\u00e1bado 06 de abril de 2024, el obispo diocesano, Mons. \u00c1ngel Jos\u00e9 Mac\u00edn, dej\u00f3 constituida la Nueva Secretar\u00eda de la Junta de Laicos Diocesana, <a class=\"mh-excerpt-more\" href=\"https:\/\/www.obispadorqta.org.ar\/v3\/nueva-secretaria-junta-de-laicos\/\" title=\"NUEVA SECRETAR\u00cdA JUNTA DE LAICOS\">[&#8230;]<\/a><\/p>\n<\/div>","protected":false},"author":3,"featured_media":9816,"comment_status":"closed","ping_status":"open","sticky":false,"template":"","format":"standard","meta":{"footnotes":""},"categories":[6,28],"tags":[],"class_list":["post-9815","post","type-post","status-publish","format-standard","has-post-thumbnail","hentry","category-news","category-latest-news"],"_links":{"self":[{"href":"https:\/\/www.obispadorqta.org.ar\/v3\/wp-json\/wp\/v2\/posts\/9815","targetHints":{"allow":["GET"]}}],"collection":[{"href":"https:\/\/www.obispadorqta.org.ar\/v3\/wp-json\/wp\/v2\/posts"}],"about":[{"href":"https:\/\/www.obispadorqta.org.ar\/v3\/wp-json\/wp\/v2\/types\/post"}],"author":[{"embeddable":true,"href":"https:\/\/www.obispadorqta.org.ar\/v3\/wp-json\/wp\/v2\/users\/3"}],"replies":[{"embeddable":true,"href":"https:\/\/www.obispadorqta.org.ar\/v3\/wp-json\/wp\/v2\/comments?post=9815"}],"version-history":[{"count":3,"href":"https:\/\/www.obispadorqta.org.ar\/v3\/wp-json\/wp\/v2\/posts\/9815\/revisions"}],"predecessor-version":[{"id":9826,"href":"https:\/\/www.obispadorqta.org.ar\/v3\/wp-json\/wp\/v2\/posts\/9815\/revisions\/9826"}],"wp:featuredmedia":[{"embeddable":true,"href":"https:\/\/www.obispadorqta.org.ar\/v3\/wp-json\/wp\/v2\/media\/9816"}],"wp:attachment":[{"href":"https:\/\/www.obispadorqta.org.ar\/v3\/wp-json\/wp\/v2\/media?parent=9815"}],"wp:term":[{"taxonomy":"category","embeddable":true,"href":"https:\/\/www.obispadorqta.org.ar\/v3\/wp-json\/wp\/v2\/categories?post=9815"},{"taxonomy":"post_tag","embeddable":true,"href":"https:\/\/www.obispadorqta.org.ar\/v3\/wp-json\/wp\/v2\/tags?post=9815"}],"curies":[{"name":"wp","href":"https:\/\/api.w.org\/{rel}","templated":true}]}}