{"id":9820,"date":"2024-04-24T11:58:57","date_gmt":"2024-04-24T14:58:57","guid":{"rendered":"http:\/\/www.obispadorqta.org.ar\/v3\/?p=9820"},"modified":"2024-04-24T11:59:04","modified_gmt":"2024-04-24T14:59:04","slug":"propuesta-para-el-ano-de-la-oracion","status":"publish","type":"post","link":"https:\/\/www.obispadorqta.org.ar\/v3\/propuesta-para-el-ano-de-la-oracion\/","title":{"rendered":"Propuesta para el A\u00f1o de la Oraci\u00f3n"},"content":{"rendered":"<p style=\"text-align: justify;\">Desde el Obispado de Reconquista hacemos extensiva la invitaci\u00f3n de las Hermanas Carmelitas, en el marco del A\u00f1o de la Oraci\u00f3n, a todos aquellos que est\u00e9n interesados en participar de una serie de encuentros donde la propuesta es aprender a rezar la Liturgia de las Horas.<\/p>\n<p style=\"text-align: justify;\">El primer encuentro ser\u00e1 el lunes 06 de mayo a partir de las 19:30 hs. en la capilla del Monasterio San Jos\u00e9, ubicado en calle 38 N\u00ba 2038 del Barrio Lanceros del Sauce de la ciudad de Reconquista. Para m\u00e1s informaci\u00f3n, comunicarse al tel\u00e9fono (03482) 414777.<\/p>\n<div style=\"width: 478px;\" class=\"wp-video\"><video class=\"wp-video-shortcode\" id=\"video-9820-1\" width=\"478\" height=\"850\" preload=\"metadata\" controls=\"controls\"><source type=\"video\/mp4\" src=\"https:\/\/www.obispadorqta.org.ar\/v3\/wp-content\/uploads\/2024\/04\/VID-20240424-WA0006.mp4?_=1\" \/><a href=\"https:\/\/www.obispadorqta.org.ar\/v3\/wp-content\/uploads\/2024\/04\/VID-20240424-WA0006.mp4\">https:\/\/www.obispadorqta.org.ar\/v3\/wp-content\/uploads\/2024\/04\/VID-20240424-WA0006.mp4<\/a><\/video><\/div>\n","protected":false},"excerpt":{"rendered":"<div class=\"mh-excerpt\"><p>Desde el Obispado de Reconquista hacemos extensiva la invitaci\u00f3n de las Hermanas Carmelitas, en el marco del A\u00f1o de la Oraci\u00f3n, a todos aquellos que <a class=\"mh-excerpt-more\" href=\"https:\/\/www.obispadorqta.org.ar\/v3\/propuesta-para-el-ano-de-la-oracion\/\" title=\"Propuesta para el A\u00f1o de la Oraci\u00f3n\">[&#8230;]<\/a><\/p>\n<\/div>","protected":false},"author":2,"featured_media":6995,"comment_status":"closed","ping_status":"open","sticky":false,"template":"","format":"standard","meta":{"footnotes":""},"categories":[6,28],"tags":[],"class_list":["post-9820","post","type-post","status-publish","format-standard","has-post-thumbnail","hentry","category-news","category-latest-news"],"_links":{"self":[{"href":"https:\/\/www.obispadorqta.org.ar\/v3\/wp-json\/wp\/v2\/posts\/9820","targetHints":{"allow":["GET"]}}],"collection":[{"href":"https:\/\/www.obispadorqta.org.ar\/v3\/wp-json\/wp\/v2\/posts"}],"about":[{"href":"https:\/\/www.obispadorqta.org.ar\/v3\/wp-json\/wp\/v2\/types\/post"}],"author":[{"embeddable":true,"href":"https:\/\/www.obispadorqta.org.ar\/v3\/wp-json\/wp\/v2\/users\/2"}],"replies":[{"embeddable":true,"href":"https:\/\/www.obispadorqta.org.ar\/v3\/wp-json\/wp\/v2\/comments?post=9820"}],"version-history":[{"count":2,"href":"https:\/\/www.obispadorqta.org.ar\/v3\/wp-json\/wp\/v2\/posts\/9820\/revisions"}],"predecessor-version":[{"id":9824,"href":"https:\/\/www.obispadorqta.org.ar\/v3\/wp-json\/wp\/v2\/posts\/9820\/revisions\/9824"}],"wp:featuredmedia":[{"embeddable":true,"href":"https:\/\/www.obispadorqta.org.ar\/v3\/wp-json\/wp\/v2\/media\/6995"}],"wp:attachment":[{"href":"https:\/\/www.obispadorqta.org.ar\/v3\/wp-json\/wp\/v2\/media?parent=9820"}],"wp:term":[{"taxonomy":"category","embeddable":true,"href":"https:\/\/www.obispadorqta.org.ar\/v3\/wp-json\/wp\/v2\/categories?post=9820"},{"taxonomy":"post_tag","embeddable":true,"href":"https:\/\/www.obispadorqta.org.ar\/v3\/wp-json\/wp\/v2\/tags?post=9820"}],"curies":[{"name":"wp","href":"https:\/\/api.w.org\/{rel}","templated":true}]}}