{"id":985,"date":"2014-10-22T12:14:05","date_gmt":"2014-10-22T12:14:05","guid":{"rendered":"http:\/\/www.obispadorqta.org.ar\/v3\/lectoradoacevedo\/"},"modified":"2014-10-22T12:14:05","modified_gmt":"2014-10-22T12:14:05","slug":"lectoradoacevedo","status":"publish","type":"post","link":"https:\/\/www.obispadorqta.org.ar\/v3\/lectoradoacevedo\/","title":{"rendered":"Lectorado del Seminarista Germ\u00e1n Acevedo"},"content":{"rendered":"<div style=\"text-align: center\"><img loading=\"lazy\" decoding=\"async\" src=\"https:\/\/fbcdn-sphotos-c-a.akamaihd.net\/hphotos-ak-xpa1\/v\/t1.0-9\/p370x247\/10711105_688283684601459_8900490524992390470_n.jpg?oh=4dc0e456ee5919f62ce9147e595c6fed&#038;oe=54F832BD&#038;__gda__=1421488219_1cd414cc617b603fccd77d3304125acd\" border=\"0\" width=\"370\" height=\"437\" \/><\/div>\n<div>\u00a0<\/div>\n<p><span style=\"color: #141823; font-family: Helvetica, Arial, 'lucida grande', tahoma, verdana, arial, sans-serif; font-size: 12.7272720336914px; line-height: 18px\">Este jueves 23 de Octubre, a las 18 hs., el seminarista Germ\u00e1n Acevedo recibir\u00e1 el ministerio del lectorado, en una celebraci\u00f3n presidida por el Obispo Diocesano, Mons. \u00c1ngel Jos\u00e9 Mac\u00edn.<\/span><\/p>\n<p><span style=\"color: #141823; font-family: Helvetica, Arial, 'lucida grande', tahoma, verdana, arial, sans-serif; font-size: 12.7272720336914px; line-height: 18px\">Dicho evento tendr\u00e1 lugar en la Parroquia Inmaculada Concepci\u00f3n de Villa Ocampo, m\u00e1s precisamente en el Barrio Los Amores, lugar donde Germ\u00e1n viene realizando su experiencia de servicio pastoral.<\/span><\/p>\n<div><span style=\"color: #141823; font-family: Helvetica, Arial, 'lucida grande', tahoma, verdana, arial, sans-serif; font-size: 12.7272720336914px; line-height: 18px\">Invitamos a orar por la fidelidad de Germ\u00e1n al llamado del Se\u00f1or y por el aumento y la perseverancia de las vocaciones sacerdotales.<\/span>\u00a0<\/div>\n","protected":false},"excerpt":{"rendered":"<div class=\"mh-excerpt\"><p>\u00a0 Este jueves 23 de Octubre, a las 18 hs., el seminarista Germ\u00e1n Acevedo recibir\u00e1 el ministerio del lectorado, en una celebraci\u00f3n presidida por el <a class=\"mh-excerpt-more\" href=\"https:\/\/www.obispadorqta.org.ar\/v3\/lectoradoacevedo\/\" title=\"Lectorado del Seminarista Germ\u00e1n Acevedo\">[&#8230;]<\/a><\/p>\n<\/div>","protected":false},"author":1,"featured_media":0,"comment_status":"open","ping_status":"open","sticky":false,"template":"","format":"standard","meta":{"footnotes":""},"categories":[28],"tags":[],"class_list":["post-985","post","type-post","status-publish","format-standard","hentry","category-latest-news"],"_links":{"self":[{"href":"https:\/\/www.obispadorqta.org.ar\/v3\/wp-json\/wp\/v2\/posts\/985","targetHints":{"allow":["GET"]}}],"collection":[{"href":"https:\/\/www.obispadorqta.org.ar\/v3\/wp-json\/wp\/v2\/posts"}],"about":[{"href":"https:\/\/www.obispadorqta.org.ar\/v3\/wp-json\/wp\/v2\/types\/post"}],"author":[{"embeddable":true,"href":"https:\/\/www.obispadorqta.org.ar\/v3\/wp-json\/wp\/v2\/users\/1"}],"replies":[{"embeddable":true,"href":"https:\/\/www.obispadorqta.org.ar\/v3\/wp-json\/wp\/v2\/comments?post=985"}],"version-history":[{"count":0,"href":"https:\/\/www.obispadorqta.org.ar\/v3\/wp-json\/wp\/v2\/posts\/985\/revisions"}],"wp:attachment":[{"href":"https:\/\/www.obispadorqta.org.ar\/v3\/wp-json\/wp\/v2\/media?parent=985"}],"wp:term":[{"taxonomy":"category","embeddable":true,"href":"https:\/\/www.obispadorqta.org.ar\/v3\/wp-json\/wp\/v2\/categories?post=985"},{"taxonomy":"post_tag","embeddable":true,"href":"https:\/\/www.obispadorqta.org.ar\/v3\/wp-json\/wp\/v2\/tags?post=985"}],"curies":[{"name":"wp","href":"https:\/\/api.w.org\/{rel}","templated":true}]}}