{"id":986,"date":"2014-10-22T12:14:48","date_gmt":"2014-10-22T12:14:48","guid":{"rendered":"http:\/\/www.obispadorqta.org.ar\/v3\/asamblea-diocesana-de-pastoral-3\/"},"modified":"2014-10-22T12:14:48","modified_gmt":"2014-10-22T12:14:48","slug":"asamblea-diocesana-de-pastoral-3","status":"publish","type":"post","link":"https:\/\/www.obispadorqta.org.ar\/v3\/asamblea-diocesana-de-pastoral-3\/","title":{"rendered":"ASAMBLEA DIOCESANA DE PASTORAL"},"content":{"rendered":"<div align=\"center\" style=\"font-size: 18px\"><em><strong style=\"font-size: 14px\">\u201cLlamado, Despojo y Env\u00edo\u201d<\/strong><\/em> <\/div>\n<div align=\"center\"><img loading=\"lazy\" decoding=\"async\" src=\"https:\/\/fbcdn-sphotos-e-a.akamaihd.net\/hphotos-ak-xpa1\/v\/t1.0-9\/10351743_10204905930078958_2402123087766883721_n.jpg?oh=f2d3d538782da27535ab392546b2821e&#038;oe=54BB53C2&#038;__gda__=1421075924_d08599ffdabca654855f1e0de4a41be2\" border=\"0\" width=\"314\" height=\"236\" align=\"middle\" \/> <\/div>\n<p align=\"justify\"><font style=\"font-family: Geneva,Arial,Helvetica,sans-serif; font-size: 12px\" color=\"#000000\">Recordamos a toda la comunidad diocesana, que este <u>s\u00e1bado 25 de octubre<\/u>, se realizar\u00e1 la <strong>ASAMBLEA DIOCESANA<\/strong>, a partir de las 15 hs., en el Instituto Reconquista <em>(Ruta Nacional N\u00ba 11 acceso norte a la ciudad de Reconquista)<\/em><br \/>En la misma, pondremos en com\u00fan lo trabajado en las Asambleas Zonales y trataremos de avanzar en la visualizaci\u00f3n de certezas, actitudes que queremos nos acompa\u00f1en en esta nueva etapa del caminar diocesano.<\/p>\n<p>La asamblea tendr\u00e1 un car\u00e1cter representativo. Por lo tanto, sugerimos la participaci\u00f3n de agentes de diferentes sectores, que luego puedan comunicar lo vivido en las parroquias.<\/p>\n<p>Concluiremos a las 19 hs. con la celebraci\u00f3n de la Santa Misa<\/p>\n<p>Saludos en Cristo:<br \/>\u00a0\u00a0\u00a0\u00a0\u00a0\u00a0\u00a0\u00a0\u00a0\u00a0\u00a0\u00a0\u00a0\u00a0\u00a0\u00a0\u00a0\u00a0 \u00a0\u00a0\u00a0\u00a0\u00a0\u00a0\u00a0\u00a0\u00a0 \u00a0 \u00a0 \u00a0 <strong>Mons. \u00c1ngel Jos\u00e9 Mac\u00edn<br \/>\u00a0\u00a0\u00a0\u00a0\u00a0\u00a0\u00a0\u00a0\u00a0\u00a0\u00a0\u00a0\u00a0\u00a0\u00a0\u00a0\u00a0\u00a0\u00a0\u00a0\u00a0\u00a0\u00a0\u00a0\u00a0\u00a0\u00a0\u00a0\u00a0\u00a0\u00a0\u00a0\u00a0\u00a0\u00a0\u00a0 Obispo de Reconquista\u00a0<\/strong> <\/font><\/p>\n","protected":false},"excerpt":{"rendered":"<div class=\"mh-excerpt\"><p>\u201cLlamado, Despojo y Env\u00edo\u201d Recordamos a toda la comunidad diocesana, que este s\u00e1bado 25 de octubre, se realizar\u00e1 la ASAMBLEA DIOCESANA, a partir de las <a class=\"mh-excerpt-more\" href=\"https:\/\/www.obispadorqta.org.ar\/v3\/asamblea-diocesana-de-pastoral-3\/\" title=\"ASAMBLEA DIOCESANA DE PASTORAL\">[&#8230;]<\/a><\/p>\n<\/div>","protected":false},"author":1,"featured_media":0,"comment_status":"open","ping_status":"open","sticky":false,"template":"","format":"standard","meta":{"footnotes":""},"categories":[28],"tags":[],"class_list":["post-986","post","type-post","status-publish","format-standard","hentry","category-latest-news"],"_links":{"self":[{"href":"https:\/\/www.obispadorqta.org.ar\/v3\/wp-json\/wp\/v2\/posts\/986","targetHints":{"allow":["GET"]}}],"collection":[{"href":"https:\/\/www.obispadorqta.org.ar\/v3\/wp-json\/wp\/v2\/posts"}],"about":[{"href":"https:\/\/www.obispadorqta.org.ar\/v3\/wp-json\/wp\/v2\/types\/post"}],"author":[{"embeddable":true,"href":"https:\/\/www.obispadorqta.org.ar\/v3\/wp-json\/wp\/v2\/users\/1"}],"replies":[{"embeddable":true,"href":"https:\/\/www.obispadorqta.org.ar\/v3\/wp-json\/wp\/v2\/comments?post=986"}],"version-history":[{"count":0,"href":"https:\/\/www.obispadorqta.org.ar\/v3\/wp-json\/wp\/v2\/posts\/986\/revisions"}],"wp:attachment":[{"href":"https:\/\/www.obispadorqta.org.ar\/v3\/wp-json\/wp\/v2\/media?parent=986"}],"wp:term":[{"taxonomy":"category","embeddable":true,"href":"https:\/\/www.obispadorqta.org.ar\/v3\/wp-json\/wp\/v2\/categories?post=986"},{"taxonomy":"post_tag","embeddable":true,"href":"https:\/\/www.obispadorqta.org.ar\/v3\/wp-json\/wp\/v2\/tags?post=986"}],"curies":[{"name":"wp","href":"https:\/\/api.w.org\/{rel}","templated":true}]}}