{"id":987,"date":"2014-10-22T12:48:58","date_gmt":"2014-10-22T12:48:58","guid":{"rendered":"http:\/\/www.obispadorqta.org.ar\/v3\/qjesus-nuectra-alegria-nuestra-misionq\/"},"modified":"2014-10-22T12:48:58","modified_gmt":"2014-10-22T12:48:58","slug":"qjesus-nuectra-alegria-nuestra-misionq","status":"publish","type":"post","link":"https:\/\/www.obispadorqta.org.ar\/v3\/qjesus-nuectra-alegria-nuestra-misionq\/","title":{"rendered":"\u00abJes\u00fas Nuestra Alegr\u00eda, Nuestra Misi\u00f3n\u00bb"},"content":{"rendered":"<div align=\"justify\"><font color=\"#000000\"><\/p>\n<div style=\"text-align: center\"><img loading=\"lazy\" decoding=\"async\" src=\"https:\/\/scontent-a-mia.xx.fbcdn.net\/hphotos-xap1\/v\/t1.0-9\/10653537_787162648008255_3602508928154542621_n.jpg?oh=3ce662e857ce24d93ddd2d21da048d30&#038;oe=54AB562D\" border=\"0\" width=\"339\" height=\"294\" \/><\/div>\n<p><\/font><\/div>\n<div align=\"justify\">\u00a0<\/div>\n<div align=\"justify\"><font color=\"#000000\">Luego de la Jornada Mundial de la Juventud, realizada en R\u00edo de Janeiro, Brasil, en julio de 2013, la Pastoral de Juventud de la Regi\u00f3n Nea se plante\u00f3 poder darle continuidad al entusiasmo que hab\u00eda provocado en los j\u00f3venes dicha jornada y organizar en conjunto alg\u00fan evento que nos re\u00fana.<\/font><\/div>\n<div align=\"justify\">\u00a0<\/div>\n<div align=\"justify\"><font color=\"#000000\">Fueron surgiendo distintas propuestas.\u00a0 Finalmente, se decidi\u00f3 realizar una misi\u00f3n juvenil en una de las 10 di\u00f3cesis de la Regi\u00f3n Nea (a la regi\u00f3n la integran las Arquidi\u00f3cesis de Corrientes y Resistencia y las di\u00f3cesis de Formosa, San Roque, Reconquista, Goya, Santo Tom\u00e9, Posadas, Ober\u00e1 e Iguaz\u00fa).\u00a0 Con el discernimiento necesario y en di\u00e1logo con los respectivos Obispos de la regi\u00f3n, que avalaron la iniciativa, se concretiz\u00f3 llevar adelante una Megamisi\u00f3n Juvenil en la localidad de Wanda, provincia de Misiones.\u00a0 <strong>La fecha ser\u00e1 el 7, 8 y 9 de noviembre de 2014.<\/strong><\/font> <\/div>\n<div align=\"justify\"><font color=\"#000000\">En la Megamisi\u00f3n estar\u00e1 presente la Cruz de los J\u00f3venes, la famosa cruz de san Dami\u00e1n, que el papa Francisco bendijo y entreg\u00f3 a los j\u00f3venes argentinos durante la Jornada Mundial de la Juventud celebrada en julio de 2013 en R\u00edo de Janeiro. As\u00ed tambi\u00e9n la imagen peregrina de nuestra Madre de Itat\u00ed, que se encuentra en la Di\u00f3cesis de Iguaz\u00fa, y la Cruz Peregrina del NEA que est\u00e1 visitando la Di\u00f3cesis de Ober\u00e1.<\/font><\/div>\n<div align=\"justify\">\u00a0<\/div>\n<div align=\"justify\"><font color=\"#000000\">Para mayor informaci\u00f3n y organizaci\u00f3n, a todos los j\u00f3venes que esten interesados en participar, les sugerimos que se acerquen a sus respectivas parroquias, ya que el cupo de participantes por di\u00f3cesis es limitado.-<\/font><\/div>\n<div align=\"justify\">\u00a0<\/div>\n<div align=\"right\"><strong><em>Pastoral de Juventud<\/em><\/strong><\/div>\n<div align=\"right\"><strong><em>Di\u00f3cesis de Reconquista <\/em><\/strong><\/div>\n","protected":false},"excerpt":{"rendered":"<div class=\"mh-excerpt\"><div align=\"justify\"><font color=\"#000000\"><\/p>\n<div style=\"text-align: center\"><img loading=\"lazy\" decoding=\"async\" src=\"https:\/\/scontent-a-mia.xx.fbcdn.net\/hphotos-xap1\/v\/t1.0-9\/10653537_787162648008255_3602508928154542621_n.jpg?oh=3ce662e857ce24d93ddd2d21da048d30&#038;oe=54AB562D\" border=\"0\" width=\"339\" height=\"294\" \/><\/div>\n<p><\/font><\/div>\n<div align=\"justify\">\u00a0<\/div>\n<div align=\"justify\"><font color=\"#000000\">Luego de la Jornada Mundial de la Juventud, realizada en R\u00edo de Janeiro, Brasil, en julio de 2013, la Pastoral de Juventud de la Regi\u00f3n Nea se plante\u00f3 poder darle continuidad al entusiasmo que hab\u00eda provocado en los j\u00f3venes dicha jornada y organizar en conjunto alg\u00fan evento que nos re\u00fana.<\/font><\/div>\n<div align=\"justify\">\u00a0<\/div>\n<div align=\"justify\"><font color=\"#000000\">Fueron surgiendo distintas propuestas.\u00a0 Finalmente, se decidi\u00f3 realizar una misi\u00f3n juvenil en una de las 10 di\u00f3cesis de la Regi\u00f3n Nea (a la regi\u00f3n la integran las Arquidi\u00f3cesis de Corrientes y Resistencia y las di\u00f3cesis de Formosa, San Roque, Reconquista, Goya, Santo Tom\u00e9, Posadas, Ober\u00e1 e Iguaz\u00fa).\u00a0 Con el discernimiento necesario y en di\u00e1logo con los respectivos Obispos de la regi\u00f3n, que avalaron la iniciativa, se concretiz\u00f3 llevar adelante una Megamisi\u00f3n Juvenil en la localidad de Wanda, provincia de Misiones.\u00a0 <strong>La fecha ser\u00e1 el 7, 8 y 9 de noviembre de 2014.<\/strong><\/font><\/p>\n<\/div>","protected":false},"author":1,"featured_media":0,"comment_status":"open","ping_status":"open","sticky":false,"template":"","format":"standard","meta":{"footnotes":""},"categories":[28],"tags":[],"class_list":["post-987","post","type-post","status-publish","format-standard","hentry","category-latest-news"],"_links":{"self":[{"href":"https:\/\/www.obispadorqta.org.ar\/v3\/wp-json\/wp\/v2\/posts\/987","targetHints":{"allow":["GET"]}}],"collection":[{"href":"https:\/\/www.obispadorqta.org.ar\/v3\/wp-json\/wp\/v2\/posts"}],"about":[{"href":"https:\/\/www.obispadorqta.org.ar\/v3\/wp-json\/wp\/v2\/types\/post"}],"author":[{"embeddable":true,"href":"https:\/\/www.obispadorqta.org.ar\/v3\/wp-json\/wp\/v2\/users\/1"}],"replies":[{"embeddable":true,"href":"https:\/\/www.obispadorqta.org.ar\/v3\/wp-json\/wp\/v2\/comments?post=987"}],"version-history":[{"count":0,"href":"https:\/\/www.obispadorqta.org.ar\/v3\/wp-json\/wp\/v2\/posts\/987\/revisions"}],"wp:attachment":[{"href":"https:\/\/www.obispadorqta.org.ar\/v3\/wp-json\/wp\/v2\/media?parent=987"}],"wp:term":[{"taxonomy":"category","embeddable":true,"href":"https:\/\/www.obispadorqta.org.ar\/v3\/wp-json\/wp\/v2\/categories?post=987"},{"taxonomy":"post_tag","embeddable":true,"href":"https:\/\/www.obispadorqta.org.ar\/v3\/wp-json\/wp\/v2\/tags?post=987"}],"curies":[{"name":"wp","href":"https:\/\/api.w.org\/{rel}","templated":true}]}}