{"id":988,"date":"2014-10-24T10:57:41","date_gmt":"2014-10-24T10:57:41","guid":{"rendered":"http:\/\/www.obispadorqta.org.ar\/v3\/acevedolector\/"},"modified":"2014-10-24T10:57:41","modified_gmt":"2014-10-24T10:57:41","slug":"acevedolector","status":"publish","type":"post","link":"https:\/\/www.obispadorqta.org.ar\/v3\/acevedolector\/","title":{"rendered":"Lectorado Germ\u00e1n Acevedo"},"content":{"rendered":"<div style=\"text-align: center\"><img loading=\"lazy\" decoding=\"async\" src=\"https:\/\/scontent-a-mia.xx.fbcdn.net\/hphotos-xfa1\/v\/t1.0-9\/1908453_689321677830993_1230330161892758065_n.jpg?oh=a6850ef910e1daf61967604e8b47c6db&#038;oe=54EBB209\" border=\"0\" width=\"450\" height=\"338\" \/><\/div>\n<div>\u00a0<\/div>\n<div style=\"text-align: justify\">En un sencilla y emotiva celebraci\u00f3n, fue instituido lector el seminarista Germ\u00e1n Acevedo. Compartimos algunas fotos del evento, llevado a cabo en el Barrio Los Amores de Villa Ocampo, el jueves 23 de Octubre, en horas de la tarde.<\/div>\n<div style=\"text-align: justify\">Al final de la celebraci\u00f3n, el Obispo Diocesano, Mons. \u00c1ngel Jos\u00e9 Mac\u00edn, bendijo un oratorio dedicado al Sagrado Coraz\u00f3n, que fue construido como expresi\u00f3n del crecimiento de la comunidad, gracias a la escucha de la Palabra y al trabajo pastoral de Germ\u00e1n.<\/div>\n<div style=\"text-align: center\"><img loading=\"lazy\" decoding=\"async\" src=\"https:\/\/fbcdn-sphotos-g-a.akamaihd.net\/hphotos-ak-xap1\/v\/t1.0-9\/1010111_689321701164324_3806194524729093014_n.jpg?oh=2cd235c1355f55059cb42e432cfeea8e&#038;oe=54ABF4AC&#038;__gda__=1425012453_de71dcf12102e151af02116d31d21f8e\" border=\"0\" width=\"450\" height=\"338\" \/><\/div>\n<div style=\"text-align: center\"><img loading=\"lazy\" decoding=\"async\" src=\"https:\/\/fbcdn-sphotos-a-a.akamaihd.net\/hphotos-ak-xpa1\/v\/t1.0-9\/11350_689321711164323_2498817238208220850_n.jpg?oh=8855227ee438566d3237f470d191ab00&#038;oe=54F27AAA&#038;__gda__=1425440727_6005fabb208ed992e679b38c520d24b4\" border=\"0\" width=\"450\" height=\"338\" \/><\/div>\n<div style=\"text-align: center\"><img loading=\"lazy\" decoding=\"async\" src=\"https:\/\/fbcdn-sphotos-h-a.akamaihd.net\/hphotos-ak-xpa1\/v\/t1.0-9\/149356_689321864497641_2043995178068522212_n.jpg?oh=2e97440ad441d260003b2ace0a39be65&#038;oe=54B42B61&#038;__gda__=1425506019_f436f84929a4fc2562c02b3ef0c626cf\" border=\"0\" width=\"450\" height=\"338\" \/><\/div>\n<div style=\"text-align: center\"><img loading=\"lazy\" decoding=\"async\" src=\"https:\/\/fbcdn-sphotos-b-a.akamaihd.net\/hphotos-ak-xap1\/v\/t1.0-9\/1619518_689321807830980_4184586081010475444_n.jpg?oh=002945f5dfb38da9a364eeb8fffec31f&#038;oe=54ACC510&#038;__gda__=1424682841_ea50a03382cf1d77279d919e55b9abd8\" border=\"0\" width=\"450\" height=\"338\" \/>\u00a0<\/div>\n","protected":false},"excerpt":{"rendered":"<div class=\"mh-excerpt\"><div style=\"text-align: center\"><img loading=\"lazy\" decoding=\"async\" src=\"https:\/\/scontent-a-mia.xx.fbcdn.net\/hphotos-xfa1\/v\/t1.0-9\/1908453_689321677830993_1230330161892758065_n.jpg?oh=a6850ef910e1daf61967604e8b47c6db&#038;oe=54EBB209\" border=\"0\" width=\"450\" height=\"338\" \/><\/div>\n<div>\u00a0<\/div>\n<div style=\"text-align: justify\">En un sencilla y emotiva celebraci\u00f3n, fue instituido lector el seminarista Germ\u00e1n Acevedo. Compartimos algunas fotos del evento, llevado a cabo en el Barrio Los Amores de Villa Ocampo, el jueves 23 de Octubre, en horas de la tarde.<\/div>\n<\/div>","protected":false},"author":1,"featured_media":0,"comment_status":"open","ping_status":"open","sticky":false,"template":"","format":"standard","meta":{"footnotes":""},"categories":[28],"tags":[],"class_list":["post-988","post","type-post","status-publish","format-standard","hentry","category-latest-news"],"_links":{"self":[{"href":"https:\/\/www.obispadorqta.org.ar\/v3\/wp-json\/wp\/v2\/posts\/988","targetHints":{"allow":["GET"]}}],"collection":[{"href":"https:\/\/www.obispadorqta.org.ar\/v3\/wp-json\/wp\/v2\/posts"}],"about":[{"href":"https:\/\/www.obispadorqta.org.ar\/v3\/wp-json\/wp\/v2\/types\/post"}],"author":[{"embeddable":true,"href":"https:\/\/www.obispadorqta.org.ar\/v3\/wp-json\/wp\/v2\/users\/1"}],"replies":[{"embeddable":true,"href":"https:\/\/www.obispadorqta.org.ar\/v3\/wp-json\/wp\/v2\/comments?post=988"}],"version-history":[{"count":0,"href":"https:\/\/www.obispadorqta.org.ar\/v3\/wp-json\/wp\/v2\/posts\/988\/revisions"}],"wp:attachment":[{"href":"https:\/\/www.obispadorqta.org.ar\/v3\/wp-json\/wp\/v2\/media?parent=988"}],"wp:term":[{"taxonomy":"category","embeddable":true,"href":"https:\/\/www.obispadorqta.org.ar\/v3\/wp-json\/wp\/v2\/categories?post=988"},{"taxonomy":"post_tag","embeddable":true,"href":"https:\/\/www.obispadorqta.org.ar\/v3\/wp-json\/wp\/v2\/tags?post=988"}],"curies":[{"name":"wp","href":"https:\/\/api.w.org\/{rel}","templated":true}]}}