{"id":991,"date":"2014-10-28T11:40:14","date_gmt":"2014-10-28T11:40:14","guid":{"rendered":"http:\/\/www.obispadorqta.org.ar\/v3\/asamblea2014\/"},"modified":"2014-10-28T11:40:14","modified_gmt":"2014-10-28T11:40:14","slug":"asamblea2014","status":"publish","type":"post","link":"https:\/\/www.obispadorqta.org.ar\/v3\/asamblea2014\/","title":{"rendered":"ASAMBLEA DIOCESANA"},"content":{"rendered":"<div style=\"text-align: center\"><img loading=\"lazy\" decoding=\"async\" src=\"https:\/\/scontent-a-mia.xx.fbcdn.net\/hphotos-xpf1\/v\/t1.0-9\/1392020_691622530934241_119717477020626698_n.jpg?oh=38aa15ac1a9a980fd0294027158a6b6d&#038;oe=54AFA93E\" border=\"0\" width=\"318\" height=\"238\" \/><\/div>\n<div>\u00a0<\/div>\n<div>\u00a0<\/div>\n<div align=\"justify\">El s\u00e1bado 25 de Octubre, por la tarde, se llev\u00f3 a cabo en el Instituto Reconquista, la Asamblea Diocesana bajo el lema \u00abLlamado, Despojo y Env\u00edo\u00bb.<\/div>\n<div align=\"justify\">En un clima sencillo y familiar, y al mismo tiempo marcado por la alegr\u00eda del reencuentro, se puso en com\u00fan lo trabajado en las zonas acerca de las periferias y los nuevos escenarios para la evangelizaci\u00f3n.<\/div>\n<div align=\"justify\">\u00a0Luego de una iluminaci\u00f3n clara y llena de entusiasmo del P. Walter V\u00e9nica, se trabaj\u00f3 en grupos sobre las certezas y actitudes que tienen que acompa\u00f1arnos como Iglesia Diocesana en estos pr\u00f3ximos a\u00f1os.<\/div>\n<div align=\"justify\">El encuentro finaliz\u00f3 con la Misa presidida por nuestro obispo, Mons. \u00c1ngel Jos\u00e9 Mac\u00edn y concelebrada por gran parte del clero. En la misma, adem\u00e1s de insistir en algunas certezas fundamentales para todo cristiano y para la Iglesia, nuestro obispo enfatiz\u00f3 que el camino hacia una pastoral org\u00e1nica continuar\u00e1 en los pr\u00f3ximos tiempos y anunci\u00f3 que el a\u00f1o 2015 ser\u00e1 propuesto como \u00abA\u00f1o Vocacional Diocesano\u00bb. Sobre este particular se dar\u00e1n m\u00e1s indicaciones al comenzar el Adviento.<\/div>\n<div>\u00a0<\/div>\n<div style=\"text-align: center\"><img loading=\"lazy\" decoding=\"async\" src=\"https:\/\/scontent-b-mia.xx.fbcdn.net\/hphotos-xpa1\/v\/t1.0-9\/10686755_691622654267562_3732072797933438037_n.jpg?oh=a592a1163fc947318e4fb739edb6f57c&#038;oe=54E041EE\" border=\"0\" width=\"376\" height=\"282\" \/><\/div>\n<div style=\"text-align: center\"><img loading=\"lazy\" decoding=\"async\" src=\"https:\/\/fbcdn-sphotos-b-a.akamaihd.net\/hphotos-ak-xpf1\/v\/t1.0-9\/10359917_691622737600887_8062949892630089486_n.jpg?oh=37a06d453f1b8b7d0a5fb8bcd86bd724&#038;oe=54F0607D&#038;__gda__=1424361495_c085f6fac5448be3e2c1a017f334d8f8\" border=\"0\" width=\"351\" height=\"263\" \/><\/div>\n<div style=\"text-align: center\"><img loading=\"lazy\" decoding=\"async\" src=\"https:\/\/fbcdn-sphotos-a-a.akamaihd.net\/hphotos-ak-xfa1\/v\/t1.0-9\/1958458_691623457600815_1790586710513667240_n.jpg?oh=2260f933d5468a57b48a68a5d7ab868d&#038;oe=54E99A4A&#038;__gda__=1425562394_3b6f36ac32797e36f7148c31a72100bd\" border=\"0\" width=\"367\" height=\"275\" \/>\u00a0<\/div>\n<div style=\"text-align: center\">\u00a0<img loading=\"lazy\" decoding=\"async\" src=\"https:\/\/fbcdn-sphotos-h-a.akamaihd.net\/hphotos-ak-xpf1\/v\/t1.0-9\/10646659_691623287600832_7623758152114199083_n.jpg?oh=f2ee47e94083013dc7131c06f515d084&#038;oe=54F43EAB&#038;__gda__=1424341697_f9ffaf99f523309976b1f2fb2995882f\" border=\"0\" width=\"374\" height=\"280\" \/><\/div>\n<div style=\"text-align: center\">\u00a0<\/div>\n<div><\/div>\n","protected":false},"excerpt":{"rendered":"<div class=\"mh-excerpt\"><div style=\"text-align: center\"><img loading=\"lazy\" decoding=\"async\" src=\"https:\/\/scontent-a-mia.xx.fbcdn.net\/hphotos-xpf1\/v\/t1.0-9\/1392020_691622530934241_119717477020626698_n.jpg?oh=38aa15ac1a9a980fd0294027158a6b6d&#038;oe=54AFA93E\" border=\"0\" width=\"318\" height=\"238\" \/><\/div>\n<div>\u00a0<\/div>\n<div>\u00a0<\/div>\n<div align=\"justify\">El s\u00e1bado 25 de Octubre, por la tarde, se llev\u00f3 a cabo en el Instituto Reconquista, la Asamblea Diocesana bajo el lema \u00abLlamado, Despojo y Env\u00edo\u00bb.<\/div>\n<div align=\"justify\">En un clima sencillo y familiar, y al mismo tiempo marcado por la alegr\u00eda del reencuentro, se puso en com\u00fan lo trabajado en las zonas acerca de las periferias y los nuevos escenarios para la evangelizaci\u00f3n.<\/div>\n<\/div>","protected":false},"author":1,"featured_media":0,"comment_status":"open","ping_status":"open","sticky":false,"template":"","format":"standard","meta":{"footnotes":""},"categories":[28],"tags":[],"class_list":["post-991","post","type-post","status-publish","format-standard","hentry","category-latest-news"],"_links":{"self":[{"href":"https:\/\/www.obispadorqta.org.ar\/v3\/wp-json\/wp\/v2\/posts\/991","targetHints":{"allow":["GET"]}}],"collection":[{"href":"https:\/\/www.obispadorqta.org.ar\/v3\/wp-json\/wp\/v2\/posts"}],"about":[{"href":"https:\/\/www.obispadorqta.org.ar\/v3\/wp-json\/wp\/v2\/types\/post"}],"author":[{"embeddable":true,"href":"https:\/\/www.obispadorqta.org.ar\/v3\/wp-json\/wp\/v2\/users\/1"}],"replies":[{"embeddable":true,"href":"https:\/\/www.obispadorqta.org.ar\/v3\/wp-json\/wp\/v2\/comments?post=991"}],"version-history":[{"count":0,"href":"https:\/\/www.obispadorqta.org.ar\/v3\/wp-json\/wp\/v2\/posts\/991\/revisions"}],"wp:attachment":[{"href":"https:\/\/www.obispadorqta.org.ar\/v3\/wp-json\/wp\/v2\/media?parent=991"}],"wp:term":[{"taxonomy":"category","embeddable":true,"href":"https:\/\/www.obispadorqta.org.ar\/v3\/wp-json\/wp\/v2\/categories?post=991"},{"taxonomy":"post_tag","embeddable":true,"href":"https:\/\/www.obispadorqta.org.ar\/v3\/wp-json\/wp\/v2\/tags?post=991"}],"curies":[{"name":"wp","href":"https:\/\/api.w.org\/{rel}","templated":true}]}}