{"id":993,"date":"2014-11-05T14:48:27","date_gmt":"2014-11-05T14:48:27","guid":{"rendered":"http:\/\/www.obispadorqta.org.ar\/v3\/diferentes-propuestas-para-una-pastoral-misionera\/"},"modified":"2014-11-05T14:48:27","modified_gmt":"2014-11-05T14:48:27","slug":"diferentes-propuestas-para-una-pastoral-misionera","status":"publish","type":"post","link":"https:\/\/www.obispadorqta.org.ar\/v3\/diferentes-propuestas-para-una-pastoral-misionera\/","title":{"rendered":"Diferentes Propuestas para una Pastoral Misionera"},"content":{"rendered":"<p><font color=\"#000000\"><strong><\/p>\n<div style=\"text-align: center\"><img loading=\"lazy\" decoding=\"async\" src=\"http:\/\/4.bp.blogspot.com\/-WlYJP168l3U\/Ty2qJ1XN7aI\/AAAAAAAABKc\/14WzVlDRRi4\/s1600\/PERSONAJES%2BIAM%2B-%2BMUNDO.jpg\" border=\"0\" width=\"325\" height=\"322\" \/> <\/div>\n<p>PARA LOS\u00a0MINISTROS DE LA EUCARIST\u00cdA, PASTORAL DE LA SALUD Y MISIONERAS DE MANZANA DE BARRIO Y L<\/strong><\/font><font color=\"#000000\"><strong>OS QUE S<\/strong><\/font><font color=\"#000000\"><strong>E SIENTAN INTERESADOS.<\/strong><\/font><br \/><font color=\"#000000\">\u00a0<br \/><\/font><\/p>\n<div align=\"justify\"><font color=\"#000000\">Encuentro diocesano para promover la Uni\u00f3n de Enfermos y An<\/font><font color=\"#000000\">cianos Misioneros (UEAM) en nuestras parroquias.<\/font><br \/><font color=\"#000000\">Animada por el Equipo regional de Corrientes. En esta jorna<\/font><font color=\"#000000\">da se presentar\u00e1 la espiritualidad misionera a todos los que atienden a los <u>Enfermos y Ancianos<\/u> en sus familias o lugares de atenci\u00f3n p\u00fablicos, visit\u00e1ndolos o llev\u00e1ndoles la Eucarist\u00eda\u2026<\/font><\/div>\n<div align=\"justify\">\u00a0<\/div>\n<div align=\"justify\"><em><font color=\"#000000\">Se trata de hacer pasar al\u00a0enfermo y anciano\u00a0de pasivo a activo, de espectador a actor, de misionado a \u201cmisionero\u201d. \u00a0\u201c\u00a1Nadie quede excluido de la Misi\u00f3n!\u201d<\/font><\/em><\/div>\n<div align=\"justify\">\u00a0<\/div>\n<div align=\"justify\">\u00a0<\/div>\n<div align=\"justify\"><font color=\"#000000\"><strong>PARA ANIMADORES PARROQUIALES DE CATEQUESIS; CATEQUISTAS DE COMUNI\u00d3N Y CONFIRMACI\u00d3N e INTERESADOS<\/strong><\/font><\/div>\n<div align=\"justify\">\u00a0<\/div>\n<div align=\"justify\"><font color=\"#000000\">En este ENCUENTRO\/TALLER\u00a0 se har\u00e1 la presentaci\u00f3n de la Infancia y Adolescencia Misionera como m\u00e9todo de PERSEVERANCIA para antes y despu\u00e9s de la Catequesis de Comuni\u00f3n y Confirmaci\u00f3n, y c\u00f3mo respuesta a las inquietudes de nuestro Papa Francisco\u00a0 de animar a la MISI\u00d3N a nuestros ni\u00f1os, adolescentes y j\u00f3venes,\u00a0para que hagan un gran l\u00edo, en serio\u2026<\/font><\/div>\n<div align=\"justify\">\u00a0<\/div>\n<div align=\"justify\"><font color=\"#000000\">Ser\u00e1 coordinado por nuestro Equipo diocesano y animado por el Equipo regional de Corrientes.<\/font><\/div>\n<p><em><font color=\"#000000\">\u201cNo se ama lo que no se conoce; no se conoce lo que no se ve, no se ve lo que no se experimenta\u2026\u201d\u00a0 \u201c\u00a1Vengan y vean!&#8230;\u201d<\/font><\/em><br \/><font color=\"#000000\"><\/p>\n<p><\/font><font color=\"#000000\"><strong><u>Organiza:<\/u> Equipo Diocesano de Misiones.<\/strong><\/font><br \/><font color=\"#000000\"><strong><u>Lugar<\/u>: Colegio \u201cSan Jos\u00e9\u201d de Reconquista. \u00a0<\/strong><\/font><br \/><font color=\"#000000\"><strong><u>Fecha<\/u>: S\u00e1bado 08 de Noviembre de 2014<\/strong><\/font><br \/><font color=\"#000000\"><strong><u>Horario<\/u>: de 15:00 a 19:00 hs.<\/strong><\/font><br \/><font color=\"#000000\"><br \/>Ambos encuentros se realizar\u00e1n simult\u00e1neamente en la misma Jornada y en los mismos horarios.<\/p>\n<p>Traer mate y algo para compartir\u2026 Los esperamos\u2026 <\/font><\/p>\n","protected":false},"excerpt":{"rendered":"<div class=\"mh-excerpt\"><p><font color=\"#000000\"><strong><\/p>\n<div style=\"text-align: center\"><img loading=\"lazy\" decoding=\"async\" src=\"http:\/\/4.bp.blogspot.com\/-WlYJP168l3U\/Ty2qJ1XN7aI\/AAAAAAAABKc\/14WzVlDRRi4\/s1600\/PERSONAJES%2BIAM%2B-%2BMUNDO.jpg\" border=\"0\" width=\"325\" height=\"322\" \/><\/p>\n<\/div>","protected":false},"author":1,"featured_media":0,"comment_status":"open","ping_status":"open","sticky":false,"template":"","format":"standard","meta":{"footnotes":""},"categories":[28],"tags":[],"class_list":["post-993","post","type-post","status-publish","format-standard","hentry","category-latest-news"],"_links":{"self":[{"href":"https:\/\/www.obispadorqta.org.ar\/v3\/wp-json\/wp\/v2\/posts\/993","targetHints":{"allow":["GET"]}}],"collection":[{"href":"https:\/\/www.obispadorqta.org.ar\/v3\/wp-json\/wp\/v2\/posts"}],"about":[{"href":"https:\/\/www.obispadorqta.org.ar\/v3\/wp-json\/wp\/v2\/types\/post"}],"author":[{"embeddable":true,"href":"https:\/\/www.obispadorqta.org.ar\/v3\/wp-json\/wp\/v2\/users\/1"}],"replies":[{"embeddable":true,"href":"https:\/\/www.obispadorqta.org.ar\/v3\/wp-json\/wp\/v2\/comments?post=993"}],"version-history":[{"count":0,"href":"https:\/\/www.obispadorqta.org.ar\/v3\/wp-json\/wp\/v2\/posts\/993\/revisions"}],"wp:attachment":[{"href":"https:\/\/www.obispadorqta.org.ar\/v3\/wp-json\/wp\/v2\/media?parent=993"}],"wp:term":[{"taxonomy":"category","embeddable":true,"href":"https:\/\/www.obispadorqta.org.ar\/v3\/wp-json\/wp\/v2\/categories?post=993"},{"taxonomy":"post_tag","embeddable":true,"href":"https:\/\/www.obispadorqta.org.ar\/v3\/wp-json\/wp\/v2\/tags?post=993"}],"curies":[{"name":"wp","href":"https:\/\/api.w.org\/{rel}","templated":true}]}}