{"id":994,"date":"2014-11-06T13:29:44","date_gmt":"2014-11-06T13:29:44","guid":{"rendered":"http:\/\/www.obispadorqta.org.ar\/v3\/iiiimea-mision-de-los-jovenes-del-nea\/"},"modified":"2014-11-06T13:29:44","modified_gmt":"2014-11-06T13:29:44","slug":"iiiimea-mision-de-los-jovenes-del-nea","status":"publish","type":"post","link":"https:\/\/www.obispadorqta.org.ar\/v3\/iiiimea-mision-de-los-jovenes-del-nea\/","title":{"rendered":"MEGA MISI\u00d3N DE LOS J\u00d3VENES DEL NEA!!!!!"},"content":{"rendered":"<div style=\"text-align: center\"><img loading=\"lazy\" decoding=\"async\" src=\"https:\/\/scontent-b-mia.xx.fbcdn.net\/hphotos-xpf1\/v\/t1.0-9\/10154396_803862623004924_1438118577032011258_n.jpg?oh=77a210909803503700e13089a68c5464&#038;oe=54EAAF3C\" border=\"0\" width=\"322\" height=\"279\" \/><\/div>\n<p>Los j\u00f3venes de las arquidi\u00f3cesis de Corrientes y de Resistencia y de las  di\u00f3cesis de Puerto Iguaz\u00fa, Ober\u00e1, Posadas, Santo Tom\u00e9, San Roque de  Presidencia Roque S\u00e1enz Pe\u00f1a, Reconquista, Formosa y Goya, realizar\u00e1n este fin de semana: 7, 8 y 9 de noviembre una Mega Misi\u00f3n en la ciudad de Wanda  (Misiones). <br \/>  \u201cJes\u00fas nuestra alegr\u00eda, nuestra misi\u00f3n\u201d, ser\u00e1 el lema de la  expresi\u00f3n misionera, que contar\u00e1 con la Cruz de San Dami\u00e1n, bendecida  por el papa Francisco durante la Jornada Mundial de la Juventud que tuvo  lugar en julio de 2013 en R\u00edo de Janeiro, Brasil. <\/p>\n<p>Los j\u00f3venes tambi\u00e9n llevar\u00e1n la imagen peregrina de la Virgen de Itat\u00ed y la Cruz Peregrina del Nordeste Argentino (NEA). <\/p>\n<p>La Mega Misi\u00f3n tendr\u00e1 como objetivo \u201cllevar a Cristo a los hogares, hacerlo conocer y enriquecer aun m\u00e1s la evangelizaci\u00f3n\u201d. <\/p>\n<p>Los centros de misi\u00f3n de Wanda ser\u00e1n la parroquia Inmaculada  Concepci\u00f3n de la Virgen Mar\u00eda y las capillas de San Cayetano, Virgen de  Lourdes, Madre de Czestochowa, Virgen de Itat\u00ed y San Jos\u00e9. <\/p>\n<p>\u201cComo grupos de j\u00f3venes decididos a estar en camino y encontrar en  Cristo siempre esa luz de esperanza, esperamos que la siembra d\u00e9 buenos  frutos y que la comunidad se vea favorecida, conociendo y vivenciando  a\u00fan m\u00e1s lo que es \u00c9l nuestro creador, que nunca falla. Confiamos  plenamente en su benevolencia\u201d, subrayan en la convocatoria. <\/p>\n<p>Los misioneros-peregrinos llegar\u00e1n el viernes 7 a la tarde y participar\u00e1n de la misa a las 21 en el templo local. <\/p>\n<p>El s\u00e1bado 8, comenzar\u00e1 la misi\u00f3n juvenil a las 7:45 con la  catequesis, en los centros de misi\u00f3n y estar\u00e1 a cargo de los disertantes  regionales. A partir de las 9, saldr\u00e1n en misi\u00f3n y realizaran visitas a  las familias. A las 15, los misioneros rezar\u00e1n  la Coronilla de la  Divina Misericordia en los centros de Misi\u00f3n y a las15:30, continuar\u00e1n  con la misi\u00f3n y visitas a las familias. <\/p>\n<p>Alrededor de las 17,30 se concentrar\u00e1n en la sede parroquial para  iniciar la procesi\u00f3n con la Cruz y la imagen de la Virgen hasta el  polideportivo de la comunidad donde se celebrar\u00e1 la misa. Luego de la  celebraci\u00f3n eucar\u00edstica a las 20:30 realizar\u00e1n un festival juvenil,  luego la cena con los misioneros. <\/p>\n<p>El domingo 9 de noviembre, a las 8, comenzar\u00e1 la adoraci\u00f3n al  Sant\u00edsimo Sacramento y a las 9, los obispos de la regi\u00f3n concelebrar\u00e1n  la eucarist\u00eda junto con los asesores diocesanos de Pastoral Juvenil del  NEA. <\/p>\n<p>Luego del almuerzo que se realizar\u00e1 en la parroquia los misioneros regresar\u00e1n a sus respectivas di\u00f3cesis.<\/p>\n","protected":false},"excerpt":{"rendered":"<div class=\"mh-excerpt\"><div style=\"text-align: center\"><img loading=\"lazy\" decoding=\"async\" src=\"https:\/\/scontent-b-mia.xx.fbcdn.net\/hphotos-xpf1\/v\/t1.0-9\/10154396_803862623004924_1438118577032011258_n.jpg?oh=77a210909803503700e13089a68c5464&#038;oe=54EAAF3C\" border=\"0\" width=\"322\" height=\"279\" \/><\/div>\n<p>Los j\u00f3venes de las arquidi\u00f3cesis de Corrientes y de Resistencia y de las  di\u00f3cesis de Puerto Iguaz\u00fa, Ober\u00e1, Posadas, Santo Tom\u00e9, San Roque de  Presidencia Roque S\u00e1enz Pe\u00f1a, Reconquista, Formosa y Goya, realizar\u00e1n este fin de semana: 7, 8 y 9 de noviembre una Mega Misi\u00f3n en la ciudad de Wanda  (Misiones).  <\/p>\n<\/div>","protected":false},"author":1,"featured_media":0,"comment_status":"open","ping_status":"open","sticky":false,"template":"","format":"standard","meta":{"footnotes":""},"categories":[28],"tags":[],"class_list":["post-994","post","type-post","status-publish","format-standard","hentry","category-latest-news"],"_links":{"self":[{"href":"https:\/\/www.obispadorqta.org.ar\/v3\/wp-json\/wp\/v2\/posts\/994","targetHints":{"allow":["GET"]}}],"collection":[{"href":"https:\/\/www.obispadorqta.org.ar\/v3\/wp-json\/wp\/v2\/posts"}],"about":[{"href":"https:\/\/www.obispadorqta.org.ar\/v3\/wp-json\/wp\/v2\/types\/post"}],"author":[{"embeddable":true,"href":"https:\/\/www.obispadorqta.org.ar\/v3\/wp-json\/wp\/v2\/users\/1"}],"replies":[{"embeddable":true,"href":"https:\/\/www.obispadorqta.org.ar\/v3\/wp-json\/wp\/v2\/comments?post=994"}],"version-history":[{"count":0,"href":"https:\/\/www.obispadorqta.org.ar\/v3\/wp-json\/wp\/v2\/posts\/994\/revisions"}],"wp:attachment":[{"href":"https:\/\/www.obispadorqta.org.ar\/v3\/wp-json\/wp\/v2\/media?parent=994"}],"wp:term":[{"taxonomy":"category","embeddable":true,"href":"https:\/\/www.obispadorqta.org.ar\/v3\/wp-json\/wp\/v2\/categories?post=994"},{"taxonomy":"post_tag","embeddable":true,"href":"https:\/\/www.obispadorqta.org.ar\/v3\/wp-json\/wp\/v2\/tags?post=994"}],"curies":[{"name":"wp","href":"https:\/\/api.w.org\/{rel}","templated":true}]}}