{"id":997,"date":"2014-11-12T11:41:29","date_gmt":"2014-11-12T11:41:29","guid":{"rendered":"http:\/\/www.obispadorqta.org.ar\/v3\/mons-arancedo-reelecto-presidente-de-la-conferencia-episcopal-argentina-cea\/"},"modified":"2014-11-12T11:41:29","modified_gmt":"2014-11-12T11:41:29","slug":"mons-arancedo-reelecto-presidente-de-la-conferencia-episcopal-argentina-cea","status":"publish","type":"post","link":"https:\/\/www.obispadorqta.org.ar\/v3\/mons-arancedo-reelecto-presidente-de-la-conferencia-episcopal-argentina-cea\/","title":{"rendered":"Mons. Arancedo reelecto presidente de la Conferencia Episcopal Argentina (CEA)"},"content":{"rendered":"<div align=\"justify\"><font style=\"font-family: Verdana,Arial,Helvetica,sans-serif; font-size: 10px; font-style: normal; line-height: normal\" color=\"#000000\"><span style=\"font-style: normal; font-variant: normal; font-weight: normal; letter-spacing: normal; line-height: normal; text-align: start; text-indent: 0px; text-transform: none; white-space: normal; word-spacing: 0px; font-size: 11pt; font-family: Arial,sans-serif; background-color: #ffffff\"><span style=\"font-family: Verdana,Arial,Helvetica,sans-serif; font-size: 10px; font-style: normal; line-height: normal\"><strong><\/p>\n<div style=\"text-align: center\"><img loading=\"lazy\" decoding=\"async\" src=\"https:\/\/fbcdn-sphotos-a-a.akamaihd.net\/hphotos-ak-xfp1\/v\/t1.0-9\/10339654_700015696761591_813537848082746381_n.jpg?oh=e923227967183d32ad4304c73a0c9faf&#038;oe=54F01446&#038;__gda__=1423318237_f5ed45e2dca0909a62505921f3a41480\" border=\"0\" width=\"378\" height=\"251\" \/><\/div>\n<div style=\"text-align: center\">\u00a0<\/div>\n<p>Pilar (Buenos Aires), 11 Nov 2014 (AICA):<\/strong> El arzobispo de Santa Fe de la Vera Cruz, monse\u00f1or <em><strong>Jos\u00e9 Mar\u00eda Arancedo, fue reelecto hoy presidente de la Comisi\u00f3n Ejecutiva de la CEA para el trienio 2014-2017.<\/strong><\/em><\/span><\/span><\/font><em><\/em><\/div>\n<div align=\"justify\"> <\/div>\n<div align=\"justify\"><font style=\"font-family: Verdana,Arial,Helvetica,sans-serif; font-size: 10px; font-style: normal; line-height: normal\" color=\"#000000\"><span style=\"font-style: normal; font-variant: normal; font-weight: normal; letter-spacing: normal; line-height: normal; text-align: start; text-indent: 0px; text-transform: none; white-space: normal; word-spacing: 0px; font-size: 11pt; font-family: Arial,sans-serif; background-color: #ffffff\"><span style=\"font-family: Verdana,Arial,Helvetica,sans-serif; font-size: 10px; font-style: normal; line-height: normal\">El prelado santafesino ser\u00e1 secundado por el cardenal Mario Aurelio Poli, arzobispo de Buenos Aires, en la vicepresidencia primera y por monse\u00f1or Mario Antonio Cargnello, arzobispo de Salta, en la vicepresidencia segunda.<\/span><\/span><\/font><br \/><font style=\"font-family: Verdana,Arial,Helvetica,sans-serif; font-size: 10px; font-style: normal; line-height: normal\" color=\"#000000\"><span style=\"font-style: normal; font-variant: normal; font-weight: normal; letter-spacing: normal; line-height: normal; text-align: start; text-indent: 0px; text-transform: none; white-space: normal; word-spacing: 0px; font-size: 11pt; font-family: Arial,sans-serif; background-color: #ffffff\"><span style=\"font-family: Verdana,Arial,Helvetica,sans-serif; font-size: 10px; font-style: normal; line-height: normal\">En tanto, para la secretar\u00eda general fue elegido monse\u00f1or Carlos Humberto Malfa, obispo de Chascom\u00fas.<\/span><\/span><\/font><br \/><font style=\"font-family: Verdana,Arial,Helvetica,sans-serif; font-size: 10px; font-style: normal; line-height: normal\" color=\"#000000\"><span style=\"font-style: normal; font-variant: normal; font-weight: normal; letter-spacing: normal; line-height: normal; text-align: start; text-indent: 0px; text-transform: none; white-space: normal; word-spacing: 0px; font-size: 11pt; font-family: Arial,sans-serif; background-color: #ffffff\"><span style=\"font-family: Verdana,Arial,Helvetica,sans-serif; font-size: 10px; font-style: normal; line-height: normal\">La elecci\u00f3n se realiz\u00f3 esta tarde en el marco de la 108\u00ba Asamblea Plenaria de la Conferencia Episcopal Argentina que se desarrolla en la casa de ejercicios El Cen\u00e1culo-La Montonera, de Pilar. <\/span><\/span><\/font><\/div>\n<div align=\"justify\">\u00a0<\/div>\n<div align=\"justify\"><strong><font style=\"font-family: Verdana,Arial,Helvetica,sans-serif; font-size: 10px; font-style: normal; line-height: normal\" color=\"#000000\"><span style=\"font-style: normal; font-variant: normal; font-weight: normal; letter-spacing: normal; line-height: normal; text-align: start; text-indent: 0px; text-transform: none; white-space: normal; word-spacing: 0px; font-size: 11pt; font-family: Arial,sans-serif; background-color: #ffffff\"><span style=\"font-family: Verdana,Arial,Helvetica,sans-serif; font-size: 10px; font-style: normal; line-height: normal\"><strong>Monse\u00f1or Jos\u00e9 Mar\u00eda Arancedo, <\/strong><\/span><\/span><\/font><\/strong><font style=\"font-family: Verdana,Arial,Helvetica,sans-serif; font-size: 10px; font-style: normal; line-height: normal\" color=\"#000000\"><span style=\"font-style: normal; font-variant: normal; font-weight: normal; letter-spacing: normal; line-height: normal; text-align: start; text-indent: 0px; text-transform: none; white-space: normal; word-spacing: 0px; font-size: 11pt; font-family: Arial,sans-serif; background-color: #ffffff\"><span style=\"font-family: Verdana,Arial,Helvetica,sans-serif; font-size: 10px; font-style: normal; line-height: normal\">arzobispo de Santa Fe<\/span><\/span><\/font><strong><font style=\"font-family: Verdana,Arial,Helvetica,sans-serif; font-size: 10px; font-style: normal; line-height: normal\" color=\"#000000\"><span style=\"font-style: normal; font-variant: normal; font-weight: normal; letter-spacing: normal; line-height: normal; text-align: start; text-indent: 0px; text-transform: none; white-space: normal; word-spacing: 0px; font-size: 11pt; font-family: Arial,sans-serif; background-color: #ffffff\"><span style=\"font-family: Verdana,Arial,Helvetica,sans-serif; font-size: 10px; font-style: normal; line-height: normal\"><strong>, Presidente <\/strong><\/span><\/span><\/font><\/strong><br \/><font style=\"font-family: Verdana,Arial,Helvetica,sans-serif; font-size: 10px; font-style: normal; line-height: normal\" color=\"#000000\"><span style=\"font-style: normal; font-variant: normal; font-weight: normal; letter-spacing: normal; line-height: normal; text-align: start; text-indent: 0px; text-transform: none; white-space: normal; word-spacing: 0px; font-size: 11pt; font-family: Arial,sans-serif; background-color: #ffffff\"><span style=\"font-family: Verdana,Arial,Helvetica,sans-serif; font-size: 10px; font-style: normal; line-height: normal\">Naci\u00f3 en Buenos Aires el 26 de octubre de 1940; ordenado sacerdote el 16 de diciembre de 1967 en Lomas de Zamora por Mons. Alejandro Schell, obispo de Lomas de Zamora; elegido obispo titular de Selemsele y auxiliar de Lomas de Zamora el 4 de marzo de 1988 por Juan Pablo II; ordenado obispo el 6 de mayo de 1988 en la catedral de Lomas de Zamora por Mons. Desidero Elso Collino, obispo de Lomas de Zamora (co-consagrantes: Mons. H\u00e9ctor Gabino Romero, obispo de Rafaela y Mons. Luis Teodorico St\u00f6ckler, obispo de Goya); trasladado como obispo de Mar del Plata el 19 de noviembre de 1991, tom\u00f3 posesi\u00f3n de esta sede el 15 de diciembre de 1991; promovido a arzobispo de Santa Fe de la Vera Cruz el 13 de febrero de 2003, tom\u00f3 posesi\u00f3n de esta sede e inici\u00f3 su ministerio pastoral como cuarto arzobispo (sexto diocesano) de Santa Fe de la Vera Cruz, el 30 de marzo de 2003. Es el presidente de la Conferencia Episcopal. Es licenciado en Teolog\u00eda (Universidad Cat\u00f3lica Argentina, Buenos Aires) y doctor en Derecho Can\u00f3nico (Pontificia Universidad Gregoriana, Roma). Lema episcopal: \u00abQue todos sean uno\u00bb. <\/span><\/span><\/font><\/div>\n<div align=\"justify\">\u00a0<\/div>\n<div align=\"justify\"><strong><font style=\"font-family: Verdana,Arial,Helvetica,sans-serif; font-size: 10px; font-style: normal; line-height: normal\" color=\"#000000\"><span style=\"font-style: normal; font-variant: normal; font-weight: normal; letter-spacing: normal; line-height: normal; text-align: start; text-indent: 0px; text-transform: none; white-space: normal; word-spacing: 0px; font-size: 11pt; font-family: Arial,sans-serif; background-color: #ffffff\"><span style=\"font-family: Verdana,Arial,Helvetica,sans-serif; font-size: 10px; font-style: normal; line-height: normal\"><strong>Cardenal Mario Aurelio Poli,<\/strong> <\/span><\/span><\/font><\/strong><font style=\"font-family: Verdana,Arial,Helvetica,sans-serif; font-size: 10px; font-style: normal; line-height: normal\" color=\"#000000\"><span style=\"font-style: normal; font-variant: normal; font-weight: normal; letter-spacing: normal; line-height: normal; text-align: start; text-indent: 0px; text-transform: none; white-space: normal; word-spacing: 0px; font-size: 11pt; font-family: Arial,sans-serif; background-color: #ffffff\"><span style=\"font-family: Verdana,Arial,Helvetica,sans-serif; font-size: 10px; font-style: normal; line-height: normal\">Arzobispo de Buenos Aires y Primado de la Argentina<\/span><\/span><\/font><strong><font style=\"font-family: Verdana,Arial,Helvetica,sans-serif; font-size: 10px; font-style: normal; line-height: normal\" color=\"#000000\"><span style=\"font-style: normal; font-variant: normal; font-weight: normal; letter-spacing: normal; line-height: normal; text-align: start; text-indent: 0px; text-transform: none; white-space: normal; word-spacing: 0px; font-size: 11pt; font-family: Arial,sans-serif; background-color: #ffffff\"><span style=\"font-family: Verdana,Arial,Helvetica,sans-serif; font-size: 10px; font-style: normal; line-height: normal\"><strong>, vicepresidente 1\u00ba <\/strong><\/span><\/span><\/font><\/strong><br \/><font style=\"font-family: Verdana,Arial,Helvetica,sans-serif; font-size: 10px; font-style: normal; line-height: normal\" color=\"#000000\"><span style=\"font-style: normal; font-variant: normal; font-weight: normal; letter-spacing: normal; line-height: normal; text-align: start; text-indent: 0px; text-transform: none; white-space: normal; word-spacing: 0px; font-size: 11pt; font-family: Arial,sans-serif; background-color: #ffffff\"><span style=\"font-family: Verdana,Arial,Helvetica,sans-serif; font-size: 10px; font-style: normal; line-height: normal\">Naci\u00f3 en Buenos Aires el 29 de noviembre de 1947; ordenado sacerdote el 25 de noviembre de 1978, por el Card. Juan Carlos Aramburu, arzobispo de Buenos Aires, en la catedral metropolitana; elegido obispo titular de Abidda y auxiliar de Buenos Aires el 8 de febrero de 2002 por Juan Pablo II; ordenado obispo el 20 de abril de 2002 en la catedral de Buenos Aires por el Card. Jorge Mario Bergoglio SJ, arzobispo de Buenos Aires (co-consagrantes el Card. Juan Carlos Aramburu, arzobispo em\u00e9rito de Buenos Aires; Mons. Mario Jos\u00e9 Serra, obispo titular de Mentesa; y los obispos auxiliares de Buenos Aires Joaqu\u00edn Mariano Sucunza y Guillermo Rodr\u00edguez-Melgarejo); trasladado como obispo de Santa Rosa el 24 de junio de 2008, tom\u00f3 posesi\u00f3n e inici\u00f3 su ministerio pastoral como quinto obispo de Santa Rosa, el 30 de agosto de 2008. El 28 de marzo el papa Francisco lo promovi\u00f3 a arzobispo de Buenos Aires. Tom\u00f3 posesi\u00f3n e inici\u00f3 su ministerio episcopal como duod\u00e9cesimo arzobispo de Buenos Aires el 20 de abril de 2013. Creado cardenal del t\u00edtulo de San Roberto Belarmino por el papa Francico en el consistorio del 22 de febrero de 2014. En la Conferencia Episcopal preside la Comisi\u00f3n de Catequesis y Pastoral B\u00edblica. Es Doctor en Teolog\u00eda y Profesor de Historia Eclesi\u00e1stica y Patrolog\u00eda (Universidad Cat\u00f3lica Argentina). Lema pastoral:\u00abConc\u00e9deme Se\u00f1or un coraz\u00f3n que escuche\u00bb (1 Rey 3,9). <\/span><\/span><\/font><\/div>\n<div align=\"justify\">\u00a0<\/div>\n<div align=\"justify\"><strong><font style=\"font-family: Verdana,Arial,Helvetica,sans-serif; font-size: 10px; font-style: normal; line-height: normal\" color=\"#000000\"><span style=\"font-style: normal; font-variant: normal; font-weight: normal; letter-spacing: normal; line-height: normal; text-align: start; text-indent: 0px; text-transform: none; white-space: normal; word-spacing: 0px; font-size: 11pt; font-family: Arial,sans-serif; background-color: #ffffff\"><span style=\"font-family: Verdana,Arial,Helvetica,sans-serif; font-size: 10px; font-style: normal; line-height: normal\"><strong>Mons. Mario Antonio Cargnello,<\/strong><\/span><\/span><\/font><\/strong><font style=\"font-family: Verdana,Arial,Helvetica,sans-serif; font-size: 10px; font-style: normal; line-height: normal\" color=\"#000000\"><span style=\"font-style: normal; font-variant: normal; font-weight: normal; letter-spacing: normal; line-height: normal; text-align: start; text-indent: 0px; text-transform: none; white-space: normal; word-spacing: 0px; font-size: 11pt; font-family: Arial,sans-serif; background-color: #ffffff\"><span style=\"font-family: Verdana,Arial,Helvetica,sans-serif; font-size: 10px; font-style: normal; line-height: normal\"> Arzobispo de Salta<\/span><\/span><\/font><strong><font style=\"font-family: Verdana,Arial,Helvetica,sans-serif; font-size: 10px; font-style: normal; line-height: normal\" color=\"#000000\"><span style=\"font-style: normal; font-variant: normal; font-weight: normal; letter-spacing: normal; line-height: normal; text-align: start; text-indent: 0px; text-transform: none; white-space: normal; word-spacing: 0px; font-size: 11pt; font-family: Arial,sans-serif; background-color: #ffffff\"><span style=\"font-family: Verdana,Arial,Helvetica,sans-serif; font-size: 10px; font-style: normal; line-height: normal\"><strong>, vicepresidente 2\u00ba <\/strong><\/span><\/span><\/font><\/strong><br \/><font style=\"font-family: Verdana,Arial,Helvetica,sans-serif; font-size: 10px; font-style: normal; line-height: normal\" color=\"#000000\"><span style=\"font-style: normal; font-variant: normal; font-weight: normal; letter-spacing: normal; line-height: normal; text-align: start; text-indent: 0px; text-transform: none; white-space: normal; word-spacing: 0px; font-size: 11pt; font-family: Arial,sans-serif; background-color: #ffffff\"><span style=\"font-family: Verdana,Arial,Helvetica,sans-serif; font-size: 10px; font-style: normal; line-height: normal\">Naci\u00f3 en San Fernando del Valle de Catamarca, el 20 de marzo de 1952; ordenado sacerdote el 8 de noviembre de 1975; elegido obispo de Or\u00e1n el 7 de abril de 1994 por Juan Pablo II; ordenado obispo el 24 de junio de 1994, por<\/span><\/span><\/font><\/div>\n<div align=\"justify\"><font style=\"font-family: Verdana,Arial,Helvetica,sans-serif; font-size: 10px; font-style: normal; line-height: normal\" color=\"#000000\"><span style=\"font-style: normal; font-variant: normal; font-weight: normal; letter-spacing: normal; line-height: normal; text-align: start; text-indent: 0px; text-transform: none; white-space: normal; word-spacing: 0px; font-size: 11pt; font-family: Arial,sans-serif; background-color: #ffffff\"><span style=\"font-family: Verdana,Arial,Helvetica,sans-serif; font-size: 10px; font-style: normal; line-height: normal\">Mons. Elmer Osmar Ram\u00f3n Miani, obispo de Catamarca (co-consagrantes: Mons. Mois\u00e9s Julio Blanchoud, arzobispo de Salta y Mons. Gerardo Eusebio Sueldo, obispo coadjutor de Santiago del Estero); tom\u00f3 posesi\u00f3n de esa sede el 16 de julio de 1994; promovido a arzobispo coadjutor de Salta el 24 de junio de 1998, tom\u00f3 posesi\u00f3n del oficio el 3 de setiembre del mismo a\u00f1o; es arzobispo de Salta por sucesi\u00f3n desde el 6 de agosto de 1999. En la Conferencia Episcopal es Vicepresidente 2\u00ba de la Comisi\u00f3n Ejecutiva. Lema episcopal: \u00abAqu\u00ed estoy para hacer tu voluntad\u00bb. <\/span><\/span><\/font><\/div>\n<div align=\"justify\">\u00a0<\/div>\n<div align=\"justify\"><strong><font style=\"font-family: Verdana,Arial,Helvetica,sans-serif; font-size: 10px; font-style: normal; line-height: normal\" color=\"#000000\"><span style=\"font-style: normal; font-variant: normal; font-weight: normal; letter-spacing: normal; line-height: normal; text-align: start; text-indent: 0px; text-transform: none; white-space: normal; word-spacing: 0px; font-size: 11pt; font-family: Arial,sans-serif; background-color: #ffffff\"><span style=\"font-family: Verdana,Arial,Helvetica,sans-serif; font-size: 10px; font-style: normal; line-height: normal\"><strong>Mons. Carlos Humberto Malfa,<\/strong> Obispo de Chascom\u00fas.<strong> Secretario General <\/strong><\/span><\/span><\/font><\/strong><br \/><font style=\"font-family: Verdana,Arial,Helvetica,sans-serif; font-size: 10px; font-style: normal; line-height: normal\" color=\"#000000\"><span style=\"font-style: normal; font-variant: normal; font-weight: normal; letter-spacing: normal; line-height: normal; text-align: start; text-indent: 0px; text-transform: none; white-space: normal; word-spacing: 0px; font-size: 11pt; font-family: Arial,sans-serif; background-color: #ffffff\"><span style=\"font-family: Verdana,Arial,Helvetica,sans-serif; font-size: 10px; font-style: normal; line-height: normal\">Naci\u00f3 en Mar del Plata el 13 de noviembre de 1948; ordenado sacerdote el 28 de diciembre de 1978, en la catedral de Mar del Plata, por Mons. R\u00f3mulo Garc\u00eda, obispo de Mar del Plata; elegido obispo de Chascom\u00fas el 20 de mayo de 2000 por Juan Pablo II; ordenado obispo en Mar del Plata el 21 de julio de 2000 por Mons. Santos Abril y Castell\u00f3, nuncio apost\u00f3lico, (co-consagrantes Mons. Jos\u00e9 Mar\u00eda Arancedo, obispo de Mar del Plata y Mons. R\u00f3mulo Garc\u00eda, arzobispo de Bah\u00eda Blanca); tom\u00f3 posesi\u00f3n de la sede e inici\u00f3 su ministerio pastoral como cuarto obispo de Chascom\u00fas, el 29 de julio de 2000. En la Conferencia Episcopal preside la Comisi\u00f3n de Migraciones y Turismo y es miembro de la Comisi\u00f3n de Pastoral Social y de la Comisi\u00f3n Para la Vida. Es licenciado en Psicolog\u00eda (Universidad Nacional de Mar del Plata) y licenciado en Sagrada Teolog\u00eda (Pontificia Universidad Santo Tom\u00e1s de Aquino (Angelicum) de Roma.) Su lema episcopal es: \u00abAlegr\u00eda y Paz\u00bb.<\/span><\/span><\/font><\/div>\n","protected":false},"excerpt":{"rendered":"<div class=\"mh-excerpt\"><div align=\"justify\"><font style=\"font-family: Verdana,Arial,Helvetica,sans-serif; font-size: 10px; font-style: normal; line-height: normal\" color=\"#000000\"><span style=\"font-style: normal; font-variant: normal; font-weight: normal; letter-spacing: normal; line-height: normal; text-align: start; text-indent: 0px; text-transform: none; white-space: normal; word-spacing: 0px; font-size: 11pt; font-family: Arial,sans-serif; background-color: #ffffff\"><span style=\"font-family: Verdana,Arial,Helvetica,sans-serif; font-size: 10px; font-style: normal; line-height: normal\"><strong><\/p>\n<div style=\"text-align: center\"><img loading=\"lazy\" decoding=\"async\" src=\"https:\/\/fbcdn-sphotos-a-a.akamaihd.net\/hphotos-ak-xfp1\/v\/t1.0-9\/10339654_700015696761591_813537848082746381_n.jpg?oh=e923227967183d32ad4304c73a0c9faf&#038;oe=54F01446&#038;__gda__=1423318237_f5ed45e2dca0909a62505921f3a41480\" border=\"0\" width=\"378\" height=\"251\" \/><\/div>\n<div style=\"text-align: center\">\u00a0<\/div>\n<p>Pilar (Buenos Aires), 11 Nov 2014 (AICA):<\/strong> El arzobispo de Santa Fe de la Vera Cruz, monse\u00f1or <em><strong>Jos\u00e9 Mar\u00eda Arancedo, fue reelecto hoy presidente de la Comisi\u00f3n Ejecutiva de la CEA para el trienio 2014-2017.<\/strong><\/em><\/span><\/span><\/font><em><\/em><\/div>\n<div align=\"justify\">\n<\/div>","protected":false},"author":1,"featured_media":0,"comment_status":"open","ping_status":"open","sticky":false,"template":"","format":"standard","meta":{"footnotes":""},"categories":[28],"tags":[],"class_list":["post-997","post","type-post","status-publish","format-standard","hentry","category-latest-news"],"_links":{"self":[{"href":"https:\/\/www.obispadorqta.org.ar\/v3\/wp-json\/wp\/v2\/posts\/997","targetHints":{"allow":["GET"]}}],"collection":[{"href":"https:\/\/www.obispadorqta.org.ar\/v3\/wp-json\/wp\/v2\/posts"}],"about":[{"href":"https:\/\/www.obispadorqta.org.ar\/v3\/wp-json\/wp\/v2\/types\/post"}],"author":[{"embeddable":true,"href":"https:\/\/www.obispadorqta.org.ar\/v3\/wp-json\/wp\/v2\/users\/1"}],"replies":[{"embeddable":true,"href":"https:\/\/www.obispadorqta.org.ar\/v3\/wp-json\/wp\/v2\/comments?post=997"}],"version-history":[{"count":0,"href":"https:\/\/www.obispadorqta.org.ar\/v3\/wp-json\/wp\/v2\/posts\/997\/revisions"}],"wp:attachment":[{"href":"https:\/\/www.obispadorqta.org.ar\/v3\/wp-json\/wp\/v2\/media?parent=997"}],"wp:term":[{"taxonomy":"category","embeddable":true,"href":"https:\/\/www.obispadorqta.org.ar\/v3\/wp-json\/wp\/v2\/categories?post=997"},{"taxonomy":"post_tag","embeddable":true,"href":"https:\/\/www.obispadorqta.org.ar\/v3\/wp-json\/wp\/v2\/tags?post=997"}],"curies":[{"name":"wp","href":"https:\/\/api.w.org\/{rel}","templated":true}]}}