{"id":999,"date":"2014-11-13T13:30:12","date_gmt":"2014-11-13T13:30:12","guid":{"rendered":"http:\/\/www.obispadorqta.org.ar\/v3\/nuestro-obispo-fue-elegido-presidente-de-la-comision-episcopal-de-pastoral-aborigen\/"},"modified":"2014-11-13T13:30:12","modified_gmt":"2014-11-13T13:30:12","slug":"nuestro-obispo-fue-elegido-presidente-de-la-comision-episcopal-de-pastoral-aborigen","status":"publish","type":"post","link":"https:\/\/www.obispadorqta.org.ar\/v3\/nuestro-obispo-fue-elegido-presidente-de-la-comision-episcopal-de-pastoral-aborigen\/","title":{"rendered":"Nuestro Obispo fue elegido presidente de la Comisi\u00f3n Episcopal de Pastoral Aborigen"},"content":{"rendered":"<div align=\"justify\" style=\"font-family: Verdana,Arial,Helvetica,sans-serif; font-size: 12px; font-style: normal; line-height: normal\">\n<div style=\"text-align: center\"><img loading=\"lazy\" decoding=\"async\" src=\"https:\/\/scontent-a-mia.xx.fbcdn.net\/hphotos-xpa1\/v\/t1.0-9\/63746_700471053382722_5285920041667485910_n.jpg?oh=41420566a63d5ef34ebe89474219e960&#038;oe=551C5D0E\" border=\"0\" width=\"425\" height=\"220\" \/><\/div>\n<p> <font color=\"#000000\"><br \/><\/font><\/div>\n<div align=\"justify\" style=\"font-family: Verdana,Arial,Helvetica,sans-serif; font-size: 12px; font-style: normal; line-height: normal\"><font color=\"#000000\">Pilar (Buenos Aires) (AICA):\u00a0En el marco de la 108\u00ba Asamblea Plenaria de la Conferencia Episcopal Argentina, que se desarrolla en la casa de retiros El Cen\u00e1culo-La Montonera, de Pilar, fueron elegidos los presidentes de las comisiones episcopales para el trienio 2014-2017. Tambi\u00e9n fueron elegidos los responsables de los consejos y delegaciones. En tanto, los obispos continuaban hoy con las votaciones para elegir a los miembros de las comisiones episcopales.<\/font> <\/div>\n<div align=\"justify\" style=\"font-family: Verdana,Arial,Helvetica,sans-serif; font-size: 12px; font-style: normal; line-height: normal\">\u00a0<\/div>\n<div align=\"justify\" style=\"font-family: Verdana,Arial,Helvetica,sans-serif; font-size: 12px; font-style: normal; line-height: normal\"><font color=\"#000000\">La n\u00f3mina de los presidentes elegidos: <\/font><\/div>\n<div align=\"justify\" style=\"font-family: Verdana,Arial,Helvetica,sans-serif; font-size: 12px; font-style: normal; line-height: normal\"><font color=\"#000000\">\u00a0<\/font><\/div>\n<div align=\"justify\" style=\"font-family: Verdana,Arial,Helvetica,sans-serif; font-size: 12px; font-style: normal; line-height: normal\"><font color=\"#000000\">&#8211; Comisi\u00f3n Episcopal de Fe y Cultura: Monse\u00f1or Guillermo Rodr\u00edguez Melgarejo, Obispo de San Mart\u00edn <\/font><\/div>\n<div align=\"justify\" style=\"font-family: Verdana,Arial,Helvetica,sans-serif; font-size: 12px; font-style: normal; line-height: normal\"><font color=\"#000000\">\u00a0<\/font><\/div>\n<div align=\"justify\" style=\"font-family: Verdana,Arial,Helvetica,sans-serif; font-size: 12px; font-style: normal; line-height: normal\"><font color=\"#000000\">&#8211; Comisi\u00f3n Episcopal de Catequesis y Pastoral B\u00edblica: Monse\u00f1or Ram\u00f3n Dus, Arzobispo de Resistencia <\/font><\/div>\n<div align=\"justify\" style=\"font-family: Verdana,Arial,Helvetica,sans-serif; font-size: 12px; font-style: normal; line-height: normal\"><font color=\"#000000\">\u00a0<\/font><\/div>\n<div align=\"justify\" style=\"font-family: Verdana,Arial,Helvetica,sans-serif; font-size: 12px; font-style: normal; line-height: normal\"><font color=\"#000000\">&#8211; Comisi\u00f3n Episcopal de Liturgia: Monse\u00f1or Luis Fern\u00e1ndez, Obispo de Rafaela <\/font><\/div>\n<div align=\"justify\" style=\"font-family: Verdana,Arial,Helvetica,sans-serif; font-size: 12px; font-style: normal; line-height: normal\"><font color=\"#000000\">\u00a0<\/font><\/div>\n<div align=\"justify\" style=\"font-family: Verdana,Arial,Helvetica,sans-serif; font-size: 12px; font-style: normal; line-height: normal\"><font color=\"#000000\">&#8211; Comisi\u00f3n Episcopal de Ministerios: Monse\u00f1or Sergio Buenanueva, Obispo de San Francisco <\/font><\/div>\n<div align=\"justify\" style=\"font-family: Verdana,Arial,Helvetica,sans-serif; font-size: 12px; font-style: normal; line-height: normal\"><font color=\"#000000\">\u00a0<\/font><\/div>\n<div align=\"justify\" style=\"font-family: Verdana,Arial,Helvetica,sans-serif; font-size: 12px; font-style: normal; line-height: normal\"><font color=\"#000000\">&#8211; Comisi\u00f3n Episcopal de Vida Consagrada: Monse\u00f1or Carlos Mar\u00eda Franzini, Arzobispo de Mendoza <\/font><\/div>\n<div align=\"justify\" style=\"font-family: Verdana,Arial,Helvetica,sans-serif; font-size: 12px; font-style: normal; line-height: normal\"><font color=\"#000000\">\u00a0<\/font><\/div>\n<div align=\"justify\" style=\"font-family: Verdana,Arial,Helvetica,sans-serif; font-size: 12px; font-style: normal; line-height: normal\"><font color=\"#000000\">&#8211; Comisi\u00f3n Episcopal de Pastoral Social: Monse\u00f1or Jorge Eduardo Lozano, Obispo de Gualeguaych\u00fa<\/font><\/div>\n<div align=\"justify\" style=\"font-family: Verdana,Arial,Helvetica,sans-serif; font-size: 12px; font-style: normal; line-height: normal\"><font color=\"#000000\">\u00a0<\/font><\/div>\n<div align=\"justify\" style=\"font-family: Verdana,Arial,Helvetica,sans-serif; font-size: 12px; font-style: normal; line-height: normal\"><font color=\"#000000\">&#8211; Comisi\u00f3n Episcopal de Educaci\u00f3n Cat\u00f3lica: Monse\u00f1or Eduardo Eliseo Mart\u00edn, Arzobispo de Rosario <\/font><\/div>\n<div align=\"justify\" style=\"font-family: Verdana,Arial,Helvetica,sans-serif; font-size: 12px; font-style: normal; line-height: normal\"><font color=\"#000000\">\u00a0<\/font><\/div>\n<div align=\"justify\" style=\"font-family: Verdana,Arial,Helvetica,sans-serif; font-size: 12px; font-style: normal; line-height: normal\"><font color=\"#000000\">&#8211; Comisi\u00f3n Episcopal de Laicos y Familia: Monse\u00f1or Pedro Mar\u00eda Laxague, Obispo Auxiliar de Bah\u00eda Blanca<\/font><\/div>\n<div align=\"justify\" style=\"font-family: Verdana,Arial,Helvetica,sans-serif; font-size: 12px; font-style: normal; line-height: normal\"><font color=\"#000000\">\u00a0<\/font><\/div>\n<div align=\"justify\" style=\"font-family: Verdana,Arial,Helvetica,sans-serif; font-size: 12px; font-style: normal; line-height: normal\"><font color=\"#000000\">&#8211; Comisi\u00f3n Episcopal de Comunicaci\u00f3n Social: Monse\u00f1or Santiago Olivera, Obispo de Cruz del Eje <\/font><\/div>\n<div align=\"justify\" style=\"font-family: Verdana,Arial,Helvetica,sans-serif; font-size: 12px; font-style: normal; line-height: normal\"><font color=\"#000000\">\u00a0<\/font><\/div>\n<div align=\"justify\" style=\"font-family: Verdana,Arial,Helvetica,sans-serif; font-size: 12px; font-style: normal; line-height: normal\"><font color=\"#000000\">&#8211; Consejo Episcopal de Asuntos Econ\u00f3micos: Monse\u00f1or Enrique Egu\u00eda Segu\u00ed, Obispo Auxiliar de Buenos Aires <\/font><\/div>\n<div align=\"justify\" style=\"font-family: Verdana,Arial,Helvetica,sans-serif; font-size: 12px; font-style: normal; line-height: normal\"><font color=\"#000000\">\u00a0<\/font><\/div>\n<div align=\"justify\" style=\"font-family: Verdana,Arial,Helvetica,sans-serif; font-size: 12px; font-style: normal; line-height: normal\"><font color=\"#000000\">&#8211; Comisi\u00f3n Episcopal para C\u00e1ritas Argentina: Monse\u00f1or Oscar Vicente Ojea, Obispo de San Isidro <\/font><\/div>\n<div align=\"justify\" style=\"font-family: Verdana,Arial,Helvetica,sans-serif; font-size: 12px; font-style: normal; line-height: normal\"><font color=\"#000000\">\u00a0<\/font><\/div>\n<div align=\"justify\" style=\"font-family: Verdana,Arial,Helvetica,sans-serif; font-size: 12px; font-style: normal; line-height: normal\"><font color=\"#000000\">&#8211; Comisi\u00f3n Episcopal de Misiones: Monse\u00f1or Vicente Bokalic Iglic, Obispo de Santiago del Estero <\/font><\/div>\n<div align=\"justify\" style=\"font-family: Verdana,Arial,Helvetica,sans-serif; font-size: 12px; font-style: normal; line-height: normal\"><font color=\"#000000\">\u00a0<\/font><\/div>\n<div align=\"justify\" style=\"font-family: Verdana,Arial,Helvetica,sans-serif; font-size: 12px; font-style: normal; line-height: normal\"><font color=\"#000000\">&#8211; Comisi\u00f3n Episcopal de Ecumenismo, Relaciones con el Juda\u00edsmo, el Islam y otras religiones: Mons. Carlos Jos\u00e9 \u00d1a\u00f1ez, Arzobispo de C\u00f3rdoba <\/font><\/div>\n<div align=\"justify\" style=\"font-family: Verdana,Arial,Helvetica,sans-serif; font-size: 12px; font-style: normal; line-height: normal\"><font color=\"#000000\">\u00a0<\/font><\/div>\n<div align=\"justify\" style=\"font-family: Verdana,Arial,Helvetica,sans-serif; font-size: 12px; font-style: normal; line-height: normal\"><font color=\"#000000\"><strong>&#8211; Comisi\u00f3n Episcopal de Pastoral Aborigen: Monse\u00f1or Angel Jos\u00e9 Mac\u00edn, Obispo de Reconquista<\/strong><\/font><\/div>\n<div align=\"justify\" style=\"font-family: Verdana,Arial,Helvetica,sans-serif; font-size: 12px; font-style: normal; line-height: normal\"><font color=\"#000000\">\u00a0<\/font><\/div>\n<div align=\"justify\" style=\"font-family: Verdana,Arial,Helvetica,sans-serif; font-size: 12px; font-style: normal; line-height: normal\"><font color=\"#000000\">&#8211; Comisi\u00f3n Episcopal de Iglesias Orientales: Monse\u00f1or Habib Chamieh, Obispo Eparca para los Maronitas<\/font><\/div>\n<div align=\"justify\" style=\"font-family: Verdana,Arial,Helvetica,sans-serif; font-size: 12px; font-style: normal; line-height: normal\"><font color=\"#000000\">\u00a0<\/font><\/div>\n<div align=\"justify\" style=\"font-family: Verdana,Arial,Helvetica,sans-serif; font-size: 12px; font-style: normal; line-height: normal\"><font color=\"#000000\">&#8211; Comisi\u00f3n Episcopal de Ayuda a las Regiones m\u00e1s Necesitadas: Mons. Pedro Mar\u00eda Olmedo Rivero, Obispo Prelado de Humahuaca <\/font><\/div>\n<div align=\"justify\" style=\"font-family: Verdana,Arial,Helvetica,sans-serif; font-size: 12px; font-style: normal; line-height: normal\"><font color=\"#000000\">\u00a0<\/font><\/div>\n<div align=\"justify\" style=\"font-family: Verdana,Arial,Helvetica,sans-serif; font-size: 12px; font-style: normal; line-height: normal\"><font color=\"#000000\">&#8211; Comisi\u00f3n Episcopal de Migraciones y Turismo: Monse\u00f1or Hugo Manuel Salaberry, Obispo de Azul <\/font><\/div>\n<div align=\"justify\" style=\"font-family: Verdana,Arial,Helvetica,sans-serif; font-size: 12px; font-style: normal; line-height: normal\"><font color=\"#000000\">\u00a0<\/font><\/div>\n<div align=\"justify\" style=\"font-family: Verdana,Arial,Helvetica,sans-serif; font-size: 12px; font-style: normal; line-height: normal\"><font color=\"#000000\">&#8211; Comisi\u00f3n Episcopal de Pastoral Universitaria: Monse\u00f1or Eduardo Mar\u00eda Taussig, Obispo de San Rafael <\/font><\/div>\n<div align=\"justify\" style=\"font-family: Verdana,Arial,Helvetica,sans-serif; font-size: 12px; font-style: normal; line-height: normal\"><font color=\"#000000\">\u00a0<\/font><\/div>\n<div align=\"justify\" style=\"font-family: Verdana,Arial,Helvetica,sans-serif; font-size: 12px; font-style: normal; line-height: normal\"><font color=\"#000000\">&#8211; Comisi\u00f3n Episcopal de Pastoral de la Salud: Monse\u00f1or Alberto Bochatey, Obispo Auxiliar de La Plata <\/font><\/div>\n<div align=\"justify\" style=\"font-family: Verdana,Arial,Helvetica,sans-serif; font-size: 12px; font-style: normal; line-height: normal\"><font color=\"#000000\">\u00a0<\/font><\/div>\n<div align=\"justify\" style=\"font-family: Verdana,Arial,Helvetica,sans-serif; font-size: 12px; font-style: normal; line-height: normal\"><font color=\"#000000\">&#8211; Comisi\u00f3n Episcopal de Pastoral Penitenciaria: Monse\u00f1or Esteban Mar\u00eda Laxague, Obispo de Viedma<\/font><\/div>\n<div align=\"justify\" style=\"font-family: Verdana,Arial,Helvetica,sans-serif; font-size: 12px; font-style: normal; line-height: normal\"><font color=\"#000000\">\u00a0<\/font><\/div>\n<div align=\"justify\" style=\"font-family: Verdana,Arial,Helvetica,sans-serif; font-size: 12px; font-style: normal; line-height: normal\"><font color=\"#000000\">&#8211; Delegado Episcopal para la Pastoral de Santuarios: Monse\u00f1or Armando Jos\u00e9 Mar\u00eda Rossi, Obispo de Concepci\u00f3n <\/font><\/div>\n<div align=\"justify\" style=\"font-family: Verdana,Arial,Helvetica,sans-serif; font-size: 12px; font-style: normal; line-height: normal\"><font color=\"#000000\">\u00a0<\/font><\/div>\n<div align=\"justify\" style=\"font-family: Verdana,Arial,Helvetica,sans-serif; font-size: 12px; font-style: normal; line-height: normal\"><font color=\"#000000\">&#8211; Delegado Episcopal para la Pastoral de las Vocaciones: Monse\u00f1or Alejandro Daniel Giorgi, Obispo Auxiliar de Buenos Aires <\/font><\/div>\n<div align=\"justify\" style=\"font-family: Verdana,Arial,Helvetica,sans-serif; font-size: 12px; font-style: normal; line-height: normal\"><font color=\"#000000\">\u00a0<\/font><\/div>\n<div align=\"justify\" style=\"font-family: Verdana,Arial,Helvetica,sans-serif; font-size: 12px; font-style: normal; line-height: normal\"><font color=\"#000000\">&#8211; Comisi\u00f3n Episcopal para la UCA: Cardenal Mario Aurelio Poli, Arzobispo de Buenos Aires y Primado de la Argentina <\/font><\/div>\n<div align=\"justify\" style=\"font-family: Verdana,Arial,Helvetica,sans-serif; font-size: 12px; font-style: normal; line-height: normal\"><font color=\"#000000\">\u00a0<\/font><\/div>\n<div align=\"justify\" style=\"font-family: Verdana,Arial,Helvetica,sans-serif; font-size: 12px; font-style: normal; line-height: normal\"><font color=\"#000000\">&#8211; Consejo de Asuntos Jur\u00eddicos: Monse\u00f1or Carlos Mar\u00eda Malfa, Obispo de Chascom\u00fas.+ <\/font><\/div>\n","protected":false},"excerpt":{"rendered":"<div class=\"mh-excerpt\"><div align=\"justify\" style=\"font-family: Verdana,Arial,Helvetica,sans-serif; font-size: 12px; font-style: normal; line-height: normal\">\n<div style=\"text-align: center\"><img loading=\"lazy\" decoding=\"async\" src=\"https:\/\/scontent-a-mia.xx.fbcdn.net\/hphotos-xpa1\/v\/t1.0-9\/63746_700471053382722_5285920041667485910_n.jpg?oh=41420566a63d5ef34ebe89474219e960&#038;oe=551C5D0E\" border=\"0\" width=\"425\" height=\"220\" \/><\/div>\n<p> <font color=\"#000000\"><br \/><\/font><\/div>\n<div align=\"justify\" style=\"font-family: Verdana,Arial,Helvetica,sans-serif; font-size: 12px; font-style: normal; line-height: normal\"><font color=\"#000000\">Pilar (Buenos Aires) (AICA):\u00a0En el marco de la 108\u00ba Asamblea Plenaria de la Conferencia Episcopal Argentina, que se desarrolla en la casa de retiros El Cen\u00e1culo-La Montonera, de Pilar, fueron elegidos los presidentes de las comisiones episcopales para el trienio 2014-2017. Tambi\u00e9n fueron elegidos los responsables de los consejos y delegaciones. En tanto, los obispos continuaban hoy con las votaciones para elegir a los miembros de las comisiones episcopales.<\/font><\/p>\n<\/div>","protected":false},"author":1,"featured_media":0,"comment_status":"open","ping_status":"open","sticky":false,"template":"","format":"standard","meta":{"footnotes":""},"categories":[28],"tags":[],"class_list":["post-999","post","type-post","status-publish","format-standard","hentry","category-latest-news"],"_links":{"self":[{"href":"https:\/\/www.obispadorqta.org.ar\/v3\/wp-json\/wp\/v2\/posts\/999","targetHints":{"allow":["GET"]}}],"collection":[{"href":"https:\/\/www.obispadorqta.org.ar\/v3\/wp-json\/wp\/v2\/posts"}],"about":[{"href":"https:\/\/www.obispadorqta.org.ar\/v3\/wp-json\/wp\/v2\/types\/post"}],"author":[{"embeddable":true,"href":"https:\/\/www.obispadorqta.org.ar\/v3\/wp-json\/wp\/v2\/users\/1"}],"replies":[{"embeddable":true,"href":"https:\/\/www.obispadorqta.org.ar\/v3\/wp-json\/wp\/v2\/comments?post=999"}],"version-history":[{"count":0,"href":"https:\/\/www.obispadorqta.org.ar\/v3\/wp-json\/wp\/v2\/posts\/999\/revisions"}],"wp:attachment":[{"href":"https:\/\/www.obispadorqta.org.ar\/v3\/wp-json\/wp\/v2\/media?parent=999"}],"wp:term":[{"taxonomy":"category","embeddable":true,"href":"https:\/\/www.obispadorqta.org.ar\/v3\/wp-json\/wp\/v2\/categories?post=999"},{"taxonomy":"post_tag","embeddable":true,"href":"https:\/\/www.obispadorqta.org.ar\/v3\/wp-json\/wp\/v2\/tags?post=999"}],"curies":[{"name":"wp","href":"https:\/\/api.w.org\/{rel}","templated":true}]}}