{"id":88,"count":3,"description":"","link":"https:\/\/www.obispadorqta.org.ar\/v3\/tag\/mons-angel-jose-macin\/","name":"Mons. \u00c1ngel Jos\u00e9 Mac\u00edn","slug":"mons-angel-jose-macin","taxonomy":"post_tag","meta":[],"_links":{"self":[{"href":"https:\/\/www.obispadorqta.org.ar\/v3\/wp-json\/wp\/v2\/tags\/88","targetHints":{"allow":["GET"]}}],"collection":[{"href":"https:\/\/www.obispadorqta.org.ar\/v3\/wp-json\/wp\/v2\/tags"}],"about":[{"href":"https:\/\/www.obispadorqta.org.ar\/v3\/wp-json\/wp\/v2\/taxonomies\/post_tag"}],"wp:post_type":[{"href":"https:\/\/www.obispadorqta.org.ar\/v3\/wp-json\/wp\/v2\/posts?tags=88"}],"curies":[{"name":"wp","href":"https:\/\/api.w.org\/{rel}","templated":true}]}}